{"id":207,"date":"2023-03-19T18:24:17","date_gmt":"2023-03-19T15:24:17","guid":{"rendered":"https:\/\/www.instakib.com\/blogg\/?p=207"},"modified":"2023-03-31T18:24:18","modified_gmt":"2023-03-31T15:24:18","slug":"instagram-odak-ozelligi-nedir","status":"publish","type":"post","link":"https:\/\/takipcikusu.com.tr\/blog\/instagram-odak-ozelligi-nedir.html","title":{"rendered":"Instagram Odak \u00d6zelli\u011fi (G\u00fcncellendi)"},"content":{"rendered":"\n<p><strong>Instagram Odak \u00d6zelli\u011fi<\/strong>&nbsp;ile sosyal medya devi Instagram\u2019\u0131n , odak ismini verdi\u011fi portre modu \u00f6zelli\u011fini ge\u00e7ti\u011fimiz g\u00fcnlerde yay\u0131nlad\u0131. Uzun s\u00fcredir test a\u015famas\u0131nda olan bu yeni \u00f6zelli\u011fin, kullan\u0131c\u0131lar taraf\u0131ndan \u00e7ok be\u011fenilece\u011fi tahmin edilmektedir.<\/p>\n\n\n\n<hr class=\"wp-block-separator has-css-opacity\"\/>\n\n\n\n<h2 class=\"wp-block-heading\">Instagram Odak \u00d6zelli\u011fi Nedir ?<\/h2>\n\n\n\n<h3 class=\"wp-block-heading\">Odak \u00d6zelli\u011fi Nedir ? Nas\u0131l Kullan\u0131l\u0131r ?<\/h3>\n\n\n\n<p>&nbsp; Instagram\u2019\u0131n Hikayeler k\u0131sm\u0131nda bulunan Odak \u00f6zelli\u011finin ana g\u00f6revi, kadraja giren y\u00fcze odaklan\u0131p y\u00fcz\u00fc daha belirgin hale getirmesi, arka plan\u0131 ve geri kalan di\u011fer nesneleri bulan\u0131kla\u015ft\u0131rmas\u0131d\u0131r. Odak \u00f6zelli\u011fi&nbsp;<strong>iPhone\u2019larda<\/strong>&nbsp;bulunan portre moduna benzer bir \u015fekilde \u00e7al\u0131\u015fan bu \u00f6zellik, kullan\u0131c\u0131lar\u0131n daha belirgin, daha kaliteli ve profesyonel g\u00f6r\u00fcn\u00fcml\u00fc foto\u011fraflar \u00e7ekebilmesine olanak tan\u0131yor.<\/p>\n\n\n\n<p>Odak \u00f6zelli\u011fini kullanmadan \u00f6nce en sevilen \u00f6zelliklerden birisi olan&nbsp;<a href=\"https:\/\/www.instakib.com\/instagram-da-agir-cekim-stop-motion-ozelligi.html\">Instagram\u2019da A\u011f\u0131r \u00c7ekim (Stop-Motion) \u00d6zelli\u011fi (G\u00dcNCELLEND\u0130)<\/a>&nbsp;hakk\u0131nda yazm\u0131\u015f oldu\u011fumuz yaz\u0131ya burdan ula\u015fabilirsiniz.<\/p>\n\n\n\n<p>Telefonunun portre modu \u00f6zelli\u011fi bulunmayan kullan\u0131c\u0131lar bile art\u0131k bu \u00f6zellik sayesinde kolayl\u0131kla portre foto\u011fraflar \u00e7ekebilecek.<br>&nbsp; Instagram&#8217;\u0131n kullan\u0131ma sundu\u011fu bu yeni \u00f6zellik,<strong><a href=\"http:\/\/www.instakib.com\/\" rel=\"noreferrer noopener\" target=\"_blank\">&nbsp;\u0130nstagram Takip\u00e7i Sat\u0131n Al&nbsp;<\/a><\/strong>ile hem&nbsp;<strong>iOS<\/strong>&nbsp;hem de&nbsp;<strong>Android<\/strong>&nbsp;cihazlarda destekleniyor ancak bunun i\u00e7in Instagram&#8217;\u0131 en son s\u00fcr\u00fcm\u00fcne y\u00fckseltmeyi unutmamal\u0131s\u0131n\u0131z.<\/p>\n\n\n\n<h3 class=\"wp-block-heading\">Instagram Odak \u00d6zelli\u011fi Nas\u0131l Kullan\u0131l\u0131r ?<\/h3>\n\n\n\n<p><strong>1-<\/strong>&nbsp;Instagram\u2019\u0131n Odak \u00f6zelli\u011finden yararlanabilmek i\u00e7in \u00f6ncelikli olarak uygulaman\u0131n&nbsp;<strong>g\u00fcncel s\u00fcr\u00fcm\u00fcn\u00fcn<\/strong>&nbsp;telefonunuzda y\u00fckl\u00fc olmas\u0131 gerekmektedir.<br><strong>2-<\/strong>&nbsp;Instagram hesab\u0131n\u0131za giri\u015f yapt\u0131ktan sonra hikayeler (<strong>stories<\/strong>) b\u00f6l\u00fcm\u00fcnde bulunan kameray\u0131 a\u00e7\u0131n\u0131z.<br><strong>3-<\/strong>&nbsp;Kameran\u0131z\u0131 \u00e7al\u0131\u015ft\u0131rd\u0131ktan sonra ekran\u0131n alt k\u0131sm\u0131nda bulunan \u201c<strong>Odak<\/strong>\u201d se\u00e7ene\u011fini se\u00e7tikten sonra &nbsp;(Boomerang ve Superzoom \u00f6zellikleri aras\u0131nda yer al\u0131yor) ve \u00fczerine dokununuz.<br><strong>4-<\/strong>&nbsp;Ard\u0131ndan payla\u015f\u0131ca\u011f\u0131n\u0131z foto\u011fraf\u0131 \u00e7ekip payla\u015fabilirsiniz.<\/p>\n\n\n\n<figure class=\"wp-block-image\"><img decoding=\"async\" src=\"https:\/\/www.instakib.com\/upload\/instagram-odak-ozelligi.png\" alt=\"\u0131nstagram odak \u00f6zelli\u011fi\"\/><\/figure>\n\n\n\n<p><br><br><strong>5-<\/strong>&nbsp;Ayr\u0131ca Instagram hikayeler kamera modundaki gibi, Odak modu ile \u00e7ekilen foto\u011fraflara da \u00e7e\u015fitli&nbsp;<strong>\u00e7\u0131kartmalar, yaz\u0131lar ve filtreler<\/strong>&nbsp;eklenebiliyor.<br><strong>6-<\/strong>&nbsp;Instagram Odak \u00f6zelli\u011fi hem selfie hem de arka kamera olarak da \u00e7al\u0131\u015fmaktad\u0131r.<br><strong>7-<\/strong>&nbsp;Odak \u00f6zelli\u011fi \u00e7ekti\u011finiz foto\u011fraflar\u0131, d\u00fczenleyebilir , \u00f6zelle\u015ftirebilir ve istedi\u011finiz ki\u015filerle de payla\u015fabilirsiniz.<\/p>\n\n\n\n<p><strong>Not:<\/strong>\u00a0Instagram Focus yani odak modu Instagram\u2019\u0131n\u00a0<a rel=\"noreferrer noopener\" href=\"https:\/\/www.apple.com\/tr\/\" target=\"_blank\">iOS<\/a>\u00a0ve\u00a0<a rel=\"noreferrer noopener\" href=\"https:\/\/www.android.com\/\" target=\"_blank\">Android<\/a>\u00a0platformlar\u0131 i\u00e7in \u00e7\u0131kan son g\u00fcncellemesine eklendi. Instagram\u2019\u0131n yay\u0131nlad\u0131\u011f\u0131 son g\u00fcncellemeyi\u00a0<a href=\"https:\/\/www.apple.com\/tr\/store\" target=\"_blank\" rel=\"noreferrer noopener\">App Store\u00a0<\/a>veya\u00a0<a rel=\"noreferrer noopener\" href=\"https:\/\/play.google.com\/store?hl=tr\" target=\"_blank\">Google Play Store<\/a>\u00a0\u00fczerinden y\u00fckleyerek siz de odak modunu kullanmaya ba\u015flayabilirsiniz.<\/p>\n\n\n\n<p><strong>Instagram Odak \u00d6zelli\u011fi<\/strong>&nbsp;hakk\u0131nda yazd\u0131\u011f\u0131m\u0131z makelenin sonuna geldik. Bir sonraki makalemizde g\u00f6r\u00fc\u015fmek dile\u011fiyle.<\/p>\n\n\n\n<p><strong><em>G\u00dcNCELLEND\u0130<\/em><\/strong><\/p>\n\n\n\n<h2 class=\"wp-block-heading\">Instagram Odak \u00d6zelli\u011fi Hakk\u0131nda<\/h2>\n\n\n\n<p>Instagram Odak \u00f6zelli\u011fi, Instagram uygulamas\u0131nda kullan\u0131c\u0131lar\u0131n portre foto\u011fraflar\u0131n\u0131 \u00e7ekerken arka plan\u0131 bulan\u0131kla\u015ft\u0131rmas\u0131na olanak tan\u0131yan bir \u00f6zelliktir. Bu \u00f6zellik, kullan\u0131c\u0131n\u0131n kameray\u0131 hedefe do\u011fru y\u00f6nlendirdi\u011finde, arka plandaki nesneleri bulan\u0131kla\u015ft\u0131rarak portrenin \u00f6n plana \u00e7\u0131kmas\u0131n\u0131 sa\u011flar.<\/p>\n\n\n\n<p>Odak \u00f6zelli\u011fi, yaln\u0131zca belirli iPhone ve Android modellerinde kullan\u0131labilir ve kamera uygulamas\u0131n\u0131n &#8220;Odak&#8221; modunda bulunur. Kullan\u0131c\u0131lar, kamera uygulamas\u0131n\u0131 a\u00e7t\u0131ktan sonra Odak moduna ge\u00e7ebilir ve \u00e7ekmek istedikleri portrenin \u00f6n\u00fcnde konumland\u0131r\u0131p ard\u0131ndan \u00e7ekim yapabilirler.<\/p>\n\n\n\n<p>Odak \u00f6zelli\u011fi, portre \u00e7ekimleri i\u00e7in ideal bir se\u00e7enek olmas\u0131n\u0131n yan\u0131 s\u0131ra, \u00fcr\u00fcn foto\u011fraflar\u0131 gibi di\u011fer foto\u011fraf t\u00fcrlerinde de kullan\u0131labilir.<\/p>\n\n\n\n<h2 class=\"wp-block-heading\">Instagram Odak \u00d6zelli\u011fini Kullanma<\/h2>\n\n\n\n<p>Instagram odak \u00f6zelli\u011fi, portre modunda \u00e7ekilen foto\u011fraflarda arka plan\u0131 bulan\u0131kla\u015ft\u0131rarak odaklanman\u0131n \u00f6n plana \u00e7\u0131kmas\u0131n\u0131 sa\u011flar. Bu \u00f6zellik sayesinde \u00e7ekilen foto\u011fraf daha profesyonel g\u00f6r\u00fcnebilir.<\/p>\n\n\n\n<p>Odak \u00f6zelli\u011fini kullanmak i\u00e7in \u015fu ad\u0131mlar\u0131 izleyebilirsiniz:<\/p>\n\n\n\n<p>Instagram uygulamas\u0131n\u0131 a\u00e7\u0131n ve &#8220;Hikaye&#8221; se\u00e7ene\u011fine dokunun.<br>Kamera moduna ge\u00e7in ve portre modunda bir foto\u011fraf \u00e7ekin.<br>\u00c7ekti\u011finiz foto\u011fraf\u0131 a\u00e7\u0131n ve altta bulunan &#8220;Odak&#8221; se\u00e7ene\u011fine dokunun.<br>Arka plan\u0131n bulan\u0131kla\u015ft\u0131r\u0131laca\u011f\u0131na dair bir uyar\u0131 g\u00f6receksiniz. &#8220;Tamam&#8221; se\u00e7ene\u011fine dokunun.<br>Foto\u011fraf\u0131n\u0131z\u0131n odak noktas\u0131n\u0131 belirlemek i\u00e7in ekranda dokunun. Odak noktas\u0131 se\u00e7ildikten sonra arka plan bulan\u0131kla\u015ft\u0131r\u0131lacak ve foto\u011fraf\u0131n\u0131z haz\u0131r hale gelecektir.<br>Odak \u00f6zelli\u011fini kullan\u0131rken, arka plan\u0131n daha da bulan\u0131kla\u015fmas\u0131n\u0131 isterseniz ekran\u0131 yukar\u0131 veya a\u015fa\u011f\u0131 kayd\u0131rarak bulan\u0131kl\u0131k seviyesini ayarlayabilirsiniz. Odak \u00f6zelli\u011fi, baz\u0131 telefon modellerinde yaln\u0131zca arka kamera i\u00e7in kullan\u0131labilir.<\/p>\n\n\n\n<h2 class=\"wp-block-heading\">Instagram Portre \u00d6zelli\u011fi<\/h2>\n\n\n\n<p>Instagram, y\u00fcz tan\u0131ma teknolojisini kullanarak kullan\u0131c\u0131lar\u0131n portrelerinin daha iyi g\u00f6r\u00fcnmesini sa\u011flayan bir &#8220;Portre Modu&#8221; \u00f6zelli\u011fine sahiptir. Bu \u00f6zellik, Instagram kullan\u0131c\u0131lar\u0131na portrelerinde birka\u00e7 farkl\u0131 \u00f6zellik eklemelerine olanak tan\u0131r, \u00f6rne\u011fin:<\/p>\n\n\n\n<p>Bulan\u0131k arka plan: Portre Modu, arkadaki nesneleri veya manzaralar\u0131 bulan\u0131kla\u015ft\u0131rarak, kullan\u0131c\u0131n\u0131n foto\u011fraf\u0131n konusuna odaklanmas\u0131n\u0131 sa\u011flar.<\/p>\n\n\n\n<p>Yumu\u015fak ayd\u0131nlatma: Portre Modu, kullan\u0131c\u0131n\u0131n y\u00fcz\u00fcn\u00fc daha da ayd\u0131nlatarak daha yumu\u015fak bir g\u00f6r\u00fcn\u00fcm sa\u011flar.<\/p>\n\n\n\n<p>Renk d\u00fczenlemeleri: Instagram, portre modunda renkleri ayarlamak i\u00e7in baz\u0131 farkl\u0131 se\u00e7enekler sunar. Bu se\u00e7enekler aras\u0131nda foto\u011fraf\u0131n tonunu, doygunlu\u011funu ve s\u0131cakl\u0131\u011f\u0131n\u0131 de\u011fi\u015ftirmek bulunur.<\/p>\n\n\n\n<p>Portre Modu&#8217;nu kullanmak i\u00e7in, Instagram kameras\u0131n\u0131 a\u00e7\u0131n ve kamera modu ara\u00e7 \u00e7ubu\u011fundaki &#8220;Portre&#8221; se\u00e7ene\u011fini se\u00e7in. Bu se\u00e7ene\u011fi se\u00e7tikten sonra, kameran\u0131n hedefledi\u011fi y\u00fcz\u00fc tan\u0131yacak ve Portre Modu&#8217;nu etkinle\u015ftirecektir.<\/p>\n","protected":false},"excerpt":{"rendered":"<p>Instagram Odak \u00d6zelli\u011fi&nbsp;ile sosyal medya devi Instagram\u2019\u0131n , odak ismini verdi\u011fi portre modu \u00f6zelli\u011fini ge\u00e7ti\u011fimiz g\u00fcnlerde yay\u0131nlad\u0131. Uzun s\u00fcredir test<\/p>\n<div class=\"read-more\"><a href=\"https:\/\/takipcikusu.com.tr\/blog\/instagram-odak-ozelligi-nedir.html\" class=\"link\">Read More <i class=\"fa fa-angle-right\"><\/i><span class=\"screen-reader-text\"> &#8220;Instagram Odak \u00d6zelli\u011fi (G\u00fcncellendi)&#8221;<\/span><\/a><\/div>\n","protected":false},"author":1,"featured_media":208,"comment_status":"open","ping_status":"open","sticky":false,"template":"","format":"standard","meta":{"footnotes":""},"categories":[9],"tags":[376,379,378,380,374,375,377],"_links":{"self":[{"href":"https:\/\/takipcikusu.com.tr\/blog\/wp-json\/wp\/v2\/posts\/207"}],"collection":[{"href":"https:\/\/takipcikusu.com.tr\/blog\/wp-json\/wp\/v2\/posts"}],"about":[{"href":"https:\/\/takipcikusu.com.tr\/blog\/wp-json\/wp\/v2\/types\/post"}],"author":[{"embeddable":true,"href":"https:\/\/takipcikusu.com.tr\/blog\/wp-json\/wp\/v2\/users\/1"}],"replies":[{"embeddable":true,"href":"https:\/\/takipcikusu.com.tr\/blog\/wp-json\/wp\/v2\/comments?post=207"}],"version-history":[{"count":3,"href":"https:\/\/takipcikusu.com.tr\/blog\/wp-json\/wp\/v2\/posts\/207\/revisions"}],"predecessor-version":[{"id":1230,"href":"https:\/\/takipcikusu.com.tr\/blog\/wp-json\/wp\/v2\/posts\/207\/revisions\/1230"}],"wp:featuredmedia":[{"embeddable":true,"href":"https:\/\/takipcikusu.com.tr\/blog\/wp-json\/wp\/v2\/media\/208"}],"wp:attachment":[{"href":"https:\/\/takipcikusu.com.tr\/blog\/wp-json\/wp\/v2\/media?parent=207"}],"wp:term":[{"taxonomy":"category","embeddable":true,"href":"https:\/\/takipcikusu.com.tr\/blog\/wp-json\/wp\/v2\/categories?post=207"},{"taxonomy":"post_tag","embeddable":true,"href":"https:\/\/takipcikusu.com.tr\/blog\/wp-json\/wp\/v2\/tags?post=207"}],"curies":[{"name":"wp","href":"https:\/\/api.w.org\/{rel}","templated":true}]}}