{"id":378,"date":"2019-03-12T15:32:43","date_gmt":"2019-03-12T12:32:43","guid":{"rendered":"https:\/\/www.instakib.com\/blog\/?p=378"},"modified":"2023-03-14T15:12:38","modified_gmt":"2023-03-14T12:12:38","slug":"instagram-hikayelerine-stories-muzik-ekleme-2019","status":"publish","type":"post","link":"https:\/\/takipcikusu.com.tr\/blog\/instagram-hikayelerine-stories-muzik-ekleme-2019.html","title":{"rendered":"Instagram Hikayelerine (Stories) M\u00fczik Ekleme \u2013 [2023]"},"content":{"rendered":"\n<p>Instagram, Facebook, WhatsApp ve Snapchat olmak \u00fczere neredeyse t\u00fcm sosyal medya platformlar\u0131n\u0131n en son yenilikleri hikayelerdir. Bu hikayeler \u00f6zelli\u011fi 24 saatlik bir s\u00fcre boyunca yay\u0131nda kal\u0131r. 24 saat sonunda at\u0131lan hikayeler kaybolur.<\/p>\n\n\n\n<p>Foto\u011fraflar\u0131n ve videolar\u0131n kaybolmas\u0131n\u0131n (ge\u00e7ici foto\u011fraf ve video y\u00fckleme) as\u0131l \u00f6nc\u00fcs\u00fc Snapchat olmas\u0131na ra\u011fmen, Instagram, kaybolan g\u00f6rsel ba\u015far\u0131s\u0131n\u0131 yakalad\u0131. Bilindi\u011fi \u00fczere Instagram postlar\u0131na gelen etkile\u015fimlere g\u00f6re hikayeler \u00e7ok daha fazla izlenmektedir. Bunu bilen Instagram, hikayelerini daha e\u011flenceli ve haraketli bir hale getirmek i\u00e7in her ge\u00e7en g\u00fcn yeni bir \u00f6zellik ortaya \u00e7\u0131kar\u0131yor. Bunlardan en yenisi ise Instagram hikayelerine m\u00fczik ekleme \u00f6zelli\u011fidir.<\/p>\n\n\n\n<p>Instagram hikayelerine m\u00fczik ekleyebilece\u011fimiz iki yol bulunmaktad\u0131r. Bu yaz\u0131m\u0131zda ke\u015ffedece\u011fimiz bu iki yolun birisi Instagram uygulamas\u0131n\u0131n kendisi, di\u011feri ise m\u00fczik ekleme uygulamas\u0131d\u0131r. <\/p>\n\n\n\n<h2 class=\"wp-block-heading\">Instagram (Stories) Hikayelerine M\u00fczik Ekleme Nas\u0131l Yap\u0131l\u0131r?<\/h2>\n\n\n\n<p><strong>Instagram&#8217;da Hikayelere M\u00fczik Ekleme<br><\/strong> Sesi kapatmad\u0131\u011f\u0131n\u0131z s\u00fcrece \u00e7ekilen videolar normal olarak t\u00fcm sesleri kaydeder ve yay\u0131nlar.<br> Maalesef \u00e7o\u011fu zaman video g\u00fczel olsa da arka plandaki ses rahats\u0131z edici olabiliyor. Sesi tamamen kapatt\u0131\u011f\u0131n\u0131z zaman da video \u00e7ok bo\u015f kalabiliyor. Bu nedenle ister istemez bir arka plan m\u00fczi\u011fi ekleme hissi duyuyorsunuz. \u0130\u015fte tam da bu noktada Instagram uygulamas\u0131 devreye giriyor. Instagram uygulamas\u0131, ak\u0131ll\u0131 telefondan gelen sesleri ay\u0131klayabildi\u011fi i\u00e7in Spotify, Google m\u00fczik veya PowerAmp gibi herhangi m\u00fczik \u00e7alarda \u00e7al\u0131\u015fan bir \u015fark\u0131n\u0131z varsa direk \u015fark\u0131y\u0131 \u00e7\u0131karabiliyor.<\/p>\n\n\n\n<p>K\u0131saca video \u00e7ekerken arkadan m\u00fczik eklemek istersiniz:<\/p>\n\n\n\n<ul>\n<li> Telefonunuzdan;<\/li>\n\n\n\n<li> \u0130stedi\u011finiz \u015fark\u0131y\u0131 a\u00e7\u0131n.<\/li>\n\n\n\n<li> Instagram hesab\u0131n\u0131za giri\u015f yap\u0131n.<\/li>\n\n\n\n<li> Daha sonra ise hikayeyi \u00e7ekmeye ba\u015flay\u0131n.<\/li>\n<\/ul>\n\n\n\n<p>M\u00fcmk\u00fcn olduk\u00e7a sessiz bir ortamda \u00e7ekim yapmaya \u00f6zen g\u00f6sterin. \u00c7\u00fcnk\u00fc telefonun mikrofonu d\u0131\u015fardan gelen t\u00fcm sesleri yakalayacakt\u0131r.<\/p>\n\n\n\n<figure class=\"wp-block-image\"><img loading=\"lazy\" decoding=\"async\" width=\"702\" height=\"395\" src=\"https:\/\/www.instakib.com\/blog\/wp-content\/uploads\/2019\/03\/121.png\" alt=\"\" class=\"wp-image-379\" srcset=\"https:\/\/www.takipcikusu.com.tr\/blog\/wp-content\/uploads\/2019\/03\/121.png 702w, https:\/\/www.takipcikusu.com.tr\/blog\/wp-content\/uploads\/2019\/03\/121-300x169.png 300w\" sizes=\"(max-width: 702px) 100vw, 702px\" \/><figcaption class=\"wp-element-caption\">Instagram Hikayelerine (Stories) M\u00fczik Ekleme \u2013 InsTakib<\/figcaption><\/figure>\n\n\n\n<h3 class=\"wp-block-heading\">\u00dc\u00e7\u00fcnc\u00fc Parti Bir Uygulama \u0130le Hikayeye M\u00fczik Ekleme<\/h3>\n\n\n\n<p>Bu bahsetti\u011fimiz \u00e7\u00f6z\u00fcm anl\u0131k hikayeleriniz i\u00e7in ge\u00e7erlidir. Be\u011fendi\u011finiz videolar\u0131n\u0131z\u0131 ve foto\u011fraflar\u0131n\u0131z\u0131 daha sonra  stories (hikaye) olarak eklemek isteyebilirsiniz. Bu durumda anlatt\u0131\u011f\u0131m\u0131z \u00e7\u00f6z\u00fcm\u00fc kullanamayaca\u011f\u0131n\u0131z i\u00e7in m\u00fczik ekleyebilece\u011finiz farkl\u0131 uygulamalardan yararlanabilirsiniz. <\/p>\n\n\n\n<p>InShot Video Editor uygulamas\u0131 bu anlamda tam size g\u00f6re bir uygulamad\u0131r.<br> Bu uygulama sayesinde hem foto\u011fraf ve videolar\u0131n\u0131z\u0131 k\u0131rpabilir, \u00e7e\u015fitli d\u00fczenlemeler yapabilir hem de videolar\u0131n\u0131za m\u00fczik ekleyebilirsiniz. Bunun i\u00e7in:<\/p>\n\n\n\n<ul>\n<li> Uygulamay\u0131 a\u00e7\u0131n.<\/li>\n\n\n\n<li> \u0130stedi\u011finiz videoya t\u0131klay\u0131n.<\/li>\n\n\n\n<li> \u00dczerinde istedi\u011finiz d\u00fczenlemeleri yap\u0131n.<\/li>\n\n\n\n<li> M\u00fczik simgesine dokunarak videoya telefonunuzdaki istedi\u011finiz m\u00fczi\u011fi ekleyin.<\/li>\n\n\n\n<li> M\u00fczi\u011fi se\u00e7tikten sonra sesi ayarlay\u0131n. \u00d6ncelikler videonuzun kendi sesini kapat\u0131n. Sonras\u0131nda ekledi\u011finiz m\u00fczi\u011fin ses seviyesini kendinize g\u00f6re belirleyin.<\/li>\n<\/ul>\n\n\n\n<p>InShot Video Editor m\u00fczik ekleme uygulamas\u0131n\u0131 indirmek i\u00e7in; <a href=\"https:\/\/play.google.com\/store\/apps\/details?id=com.camerasideas.instashot&amp;hl=en\">https:\/\/play.google.com\/store\/apps\/details?id=com.camerasideas.instashot&amp;hl=en<\/a><\/p>\n\n\n\n<p>\u00c7e\u015fitli d\u00fczenlemeler yapabildi\u011finiz (video ve foto\u011fraf k\u0131rpma, boyut \u00f6l\u00e7eklendirme, etiket ve metin ekleme gibi\u2026) InShot uygulamas\u0131nda d\u00fczenlemi\u015f oldu\u011funuz videolar\u0131n\u0131z\u0131 ya da foto\u011fraflar\u0131n\u0131z\u0131 payla\u015fmaya geldi s\u0131ra. Haz\u0131rlad\u0131\u011f\u0131n\u0131z g\u00f6rseli hikayenizde payla\u015f\u0131n. Bu uygulama ile h\u0131zl\u0131ca ve basit bir \u015fekilde neler ba\u015farabilece\u011finizi kendiniz g\u00f6r\u00fcn.<\/p>\n\n\n\n<h4 class=\"wp-block-heading\">Instagram hikayesine m\u00fczik eklemede hangi y\u00f6ntem tercih edilmelidir?<\/h4>\n\n\n\n<p>Ki\u015fisel fikrimiz tabiki 2. y\u00f6ntem yani bir mobil uygulama \u00fczerinden m\u00fczik ekleme y\u00f6ntemidir. \u00c7\u00fcnk\u00fc bu y\u00f6ntemle daha net ve kaliteli sesler elde edeceksiniz. Ayr\u0131ca \u00e7e\u015fitli \u00f6zellikler sayesinde hikayelerinize farkl\u0131 bir hava katm\u0131\u015f olacaks\u0131n\u0131z.<\/p>\n\n\n\n<p>Ancak \u00fc\u00e7\u00fcnc\u00fc parti uygulamalar\u0131 ile hikayelerinize m\u00fczik eklerken canl\u0131 etiket diye adland\u0131rd\u0131\u011f\u0131m\u0131z baz\u0131 hareketli etiket ve stickerlar\u0131 kullanamayabilirsiniz. Her ge\u00e7en g\u00fcn farkl\u0131 bir yenilikle gelen Instagram bu \u00f6zelli\u011fe de yak\u0131nda yeni \u00f6zellikler ekleyebilir.<\/p>\n\n\n\n<blockquote class=\"wp-block-quote\">\n<p>G\u00fcncellendi. <\/p>\n<\/blockquote>\n\n\n\n<h3 class=\"wp-block-heading\">Instagram Hikayelerine M\u00fczik Ekleme<\/h3>\n\n\n\n<p>Bu \u00f6zellik, kullan\u0131c\u0131lar\u0131n payla\u015fmak istedikleri foto\u011fraf ve videolara farkl\u0131 filtreler ve \u00e7\u0131kartmalar eklemelerine olanak tan\u0131rken, son zamanlarda m\u00fczik ekleme \u00f6zelli\u011fi de eklenmi\u015ftir. Bu makalede, Instagram Hikayelerine m\u00fczik ekleme \u00f6zelli\u011fini tan\u0131taca\u011f\u0131z ve nas\u0131l kullanabilece\u011finizi anlataca\u011f\u0131z.<\/p>\n\n\n\n<p>Instagram Hikayelerine m\u00fczik ekleme \u00f6zelli\u011fi, hikayenize \u00e7alma listesinizden veya Instagram\u2019\u0131n \u00f6nerdi\u011fi pop\u00fcler \u015fark\u0131lardan birini eklemenize olanak tan\u0131r. Bu \u00f6zellik, hikayenize farkl\u0131 bir his veya atmosfer katman\u0131za yard\u0131mc\u0131 olur ve takip\u00e7ilerinizin hikayenizi daha keyifli hale getirir.<\/p>\n\n\n\n<p>M\u00fczik eklemek i\u00e7in, hikayenizi olu\u015fturduktan sonra, ekran\u0131n \u00fcst k\u0131sm\u0131ndaki m\u00fczik simgesine dokunun. Ard\u0131ndan, a\u00e7\u0131lan pencerede, kategori, t\u00fcr veya pop\u00fclerlik gibi farkl\u0131 filtreler kullanarak m\u00fczik arayabilirsiniz. M\u00fczik se\u00e7ti\u011finizde, hikayenizde oynat\u0131lacak olan b\u00f6l\u00fcm\u00fc se\u00e7in ve m\u00fczik eklemek i\u00e7in ekran\u0131n alt\u0131ndaki \u201cEkle\u201d d\u00fc\u011fmesine dokunun.<\/p>\n\n\n\n<p>Ayr\u0131ca, m\u00fczi\u011fin konumunu ve boyutunu da de\u011fi\u015ftirebilirsiniz. M\u00fczi\u011fi kayd\u0131rd\u0131\u011f\u0131n\u0131zda, hikayenizde \u00e7alaca\u011f\u0131 k\u0131s\u0131m de\u011fi\u015fir ve boyutunu de\u011fi\u015ftirdi\u011finizde, hikayenizdeki m\u00fczi\u011fin g\u00f6r\u00fcnt\u00fcs\u00fc de\u011fi\u015fir.<\/p>\n\n\n\n<p>M\u00fczik eklemek i\u00e7in, Spotify veya Apple Music gibi farkl\u0131 m\u00fczik ak\u0131\u015f\u0131 hizmetleriyle de senkronize edebilirsiniz. Bu \u015fekilde, dinledi\u011finiz m\u00fcziklerin tamam\u0131n\u0131 hikayelerinizde kullanabilirsiniz. Ayr\u0131ca, hikayenizdeki m\u00fczi\u011fin \u015fark\u0131 ad\u0131n\u0131 da etiketleyebilirsiniz.<\/p>\n\n\n\n<p>Ancak, m\u00fczik ekleme \u00f6zelli\u011finin baz\u0131 s\u0131n\u0131rlamalar\u0131 da vard\u0131r. Baz\u0131 \u015fark\u0131lar Instagram\u2019\u0131n k\u00fct\u00fcphanesinde bulunmayabilir veya \u00fclkelerde farkl\u0131 m\u00fczik telif haklar\u0131 yasalar\u0131 olabilir, bu nedenle m\u00fczik ekleme \u00f6zelli\u011finin kullan\u0131labilirli\u011fi konusunda farkl\u0131l\u0131klar olabilir.<\/p>\n\n\n\n<p>Sonu\u00e7 olarak, Instagram Hikayelerine m\u00fczik ekleme \u00f6zelli\u011fi, hikayelerinize yeni bir boyut ekler ve takip\u00e7ilerinizin hikayelerinizden daha fazla keyif almalar\u0131n\u0131 sa\u011flar.<\/p>\n\n\n\n<figure class=\"wp-block-image size-full\"><img loading=\"lazy\" decoding=\"async\" width=\"604\" height=\"318\" src=\"https:\/\/www.takipci.co\/blog\/wp-content\/uploads\/2023\/03\/image-59.png\" alt=\"\" class=\"wp-image-1060\" srcset=\"https:\/\/www.takipcikusu.com.tr\/blog\/wp-content\/uploads\/2023\/03\/image-59.png 604w, https:\/\/www.takipcikusu.com.tr\/blog\/wp-content\/uploads\/2023\/03\/image-59-300x158.png 300w\" sizes=\"(max-width: 604px) 100vw, 604px\" \/><\/figure>\n\n\n\n<h3 class=\"wp-block-heading\">Uygulama \u0130le Hikayeye M\u00fczik Ekleme<\/h3>\n\n\n\n<p>Hikayelerinize m\u00fczik eklemek, hikayelerinizin daha ilgi \u00e7ekici olmas\u0131n\u0131 sa\u011flayabilir. Bu yaz\u0131da, \u00fc\u00e7\u00fcnc\u00fc parti bir uygulama kullanarak hikayelerinize nas\u0131l m\u00fczik ekleyebilece\u011finizi anlataca\u011f\u0131m.<\/p>\n\n\n\n<ol>\n<li><strong>M\u00fczik Ekleme Uygulamalar\u0131<\/strong><\/li>\n<\/ol>\n\n\n\n<p>Hikayelerinize m\u00fczik eklemek i\u00e7in kullanabilece\u011finiz bir\u00e7ok uygulama var. Bu uygulamalar\u0131n baz\u0131lar\u0131 \u00fccretsizken, baz\u0131lar\u0131 \u00fccretli olabilir. \u00d6rne\u011fin, Instagram hikayelerinde m\u00fczik eklemek i\u00e7in, Spotify veya Apple Music gibi m\u00fczik uygulamalar\u0131 veya BeatSnap gibi bir m\u00fczik \u00fcretim uygulamas\u0131 kullanabilirsiniz.<\/p>\n\n\n\n<ol start=\"2\">\n<li><strong>Uygulamay\u0131 \u0130ndirin ve Kurun<\/strong><\/li>\n<\/ol>\n\n\n\n<p>M\u00fczik ekleme uygulamalar\u0131n\u0131 kullanmadan \u00f6nce, uygulamay\u0131 indirmeniz ve kurman\u0131z gerekir. Uygulamalar\u0131n indirme ve kurulum s\u00fcreci, cihaz\u0131n\u0131z\u0131n i\u015fletim sistemine ba\u011fl\u0131 olarak de\u011fi\u015febilir.<\/p>\n\n\n\n<ol start=\"3\">\n<li><strong>Hikayenizi Haz\u0131rlay\u0131n<\/strong><\/li>\n<\/ol>\n\n\n\n<p>M\u00fczik eklemek i\u00e7in \u00f6ncelikle hikayenizi haz\u0131rlaman\u0131z gerekir. Hikayenizi \u00e7ekin veya se\u00e7in ve d\u00fczenleyin. Ard\u0131ndan, m\u00fczik eklemek i\u00e7in kullanaca\u011f\u0131n\u0131z uygulamay\u0131 a\u00e7\u0131n.<\/p>\n\n\n\n<ol start=\"4\">\n<li><strong>M\u00fczik Se\u00e7in<\/strong><\/li>\n<\/ol>\n\n\n\n<p>M\u00fczik eklemek i\u00e7in uygulamay\u0131 a\u00e7t\u0131\u011f\u0131n\u0131zda, m\u00fczik se\u00e7me se\u00e7ene\u011fine sahip olmal\u0131s\u0131n\u0131z. Uygulamalar\u0131n aray\u00fcz\u00fc birbirinden farkl\u0131 olabilir, ancak genellikle m\u00fczik arama kutusu veya \u00f6nerilen m\u00fcziklerin bir listesi bulunur.<\/p>\n\n\n\n<ol start=\"5\">\n<li><strong>Hikayenize M\u00fczik Ekleyin<\/strong><\/li>\n<\/ol>\n\n\n\n<p>M\u00fczi\u011fi se\u00e7tikten sonra, hikayenize m\u00fczik eklemeye haz\u0131rs\u0131n\u0131z. Hikayenizi payla\u015fmadan \u00f6nce, ekledi\u011finiz m\u00fczi\u011fin sesi hikayenizin sesinin \u00fczerine bindirilecek \u015fekilde ayarlanacakt\u0131r.<\/p>\n\n\n\n<ol start=\"6\">\n<li><strong>Hikayenizi Payla\u015f\u0131n<\/strong><\/li>\n<\/ol>\n\n\n\n<p>M\u00fczik eklemeyi tamamlad\u0131ktan sonra, hikayenizi payla\u015fabilirsiniz. Payla\u015f\u0131m i\u015flemi, kullanaca\u011f\u0131n\u0131z sosyal medya platformuna ba\u011fl\u0131 olarak de\u011fi\u015febilir. \u00d6rne\u011fin, Instagram&#8217;da hikayenizi payla\u015fmak i\u00e7in, m\u00fczik ekledi\u011finiz uygulamay\u0131 kapat\u0131n ve Instagram&#8217;a geri d\u00f6n\u00fcn. Ard\u0131ndan, hikayenizi payla\u015fmak istedi\u011finiz se\u00e7ene\u011fi se\u00e7in.<\/p>\n\n\n\n<p>Sonu\u00e7 olarak, hikayelerinize m\u00fczik eklemek, hikayelerinizin daha ilgi \u00e7ekici olmas\u0131n\u0131 sa\u011flayabilir.<\/p>\n","protected":false},"excerpt":{"rendered":"<p>Instagram, Facebook, WhatsApp ve Snapchat olmak \u00fczere neredeyse t\u00fcm sosyal medya platformlar\u0131n\u0131n en son yenilikleri hikayelerdir. Bu hikayeler \u00f6zelli\u011fi 24<\/p>\n<div class=\"read-more\"><a href=\"https:\/\/takipcikusu.com.tr\/blog\/instagram-hikayelerine-stories-muzik-ekleme-2019.html\" class=\"link\">Read More <i class=\"fa fa-angle-right\"><\/i><span class=\"screen-reader-text\"> &#8220;Instagram Hikayelerine (Stories) M\u00fczik Ekleme \u2013 [2023]&#8221;<\/span><\/a><\/div>\n","protected":false},"author":1,"featured_media":381,"comment_status":"open","ping_status":"open","sticky":false,"template":"","format":"standard","meta":{"footnotes":""},"categories":[1,9],"tags":[672,674,670,673,77,78,671,81],"_links":{"self":[{"href":"https:\/\/takipcikusu.com.tr\/blog\/wp-json\/wp\/v2\/posts\/378"}],"collection":[{"href":"https:\/\/takipcikusu.com.tr\/blog\/wp-json\/wp\/v2\/posts"}],"about":[{"href":"https:\/\/takipcikusu.com.tr\/blog\/wp-json\/wp\/v2\/types\/post"}],"author":[{"embeddable":true,"href":"https:\/\/takipcikusu.com.tr\/blog\/wp-json\/wp\/v2\/users\/1"}],"replies":[{"embeddable":true,"href":"https:\/\/takipcikusu.com.tr\/blog\/wp-json\/wp\/v2\/comments?post=378"}],"version-history":[{"count":3,"href":"https:\/\/takipcikusu.com.tr\/blog\/wp-json\/wp\/v2\/posts\/378\/revisions"}],"predecessor-version":[{"id":1062,"href":"https:\/\/takipcikusu.com.tr\/blog\/wp-json\/wp\/v2\/posts\/378\/revisions\/1062"}],"wp:featuredmedia":[{"embeddable":true,"href":"https:\/\/takipcikusu.com.tr\/blog\/wp-json\/wp\/v2\/media\/381"}],"wp:attachment":[{"href":"https:\/\/takipcikusu.com.tr\/blog\/wp-json\/wp\/v2\/media?parent=378"}],"wp:term":[{"taxonomy":"category","embeddable":true,"href":"https:\/\/takipcikusu.com.tr\/blog\/wp-json\/wp\/v2\/categories?post=378"},{"taxonomy":"post_tag","embeddable":true,"href":"https:\/\/takipcikusu.com.tr\/blog\/wp-json\/wp\/v2\/tags?post=378"}],"curies":[{"name":"wp","href":"https:\/\/api.w.org\/{rel}","templated":true}]}}