{"id":382,"date":"2019-03-13T18:53:42","date_gmt":"2019-03-13T15:53:42","guid":{"rendered":"https:\/\/www.instakib.com\/blog\/?p=382"},"modified":"2023-03-14T15:09:12","modified_gmt":"2023-03-14T12:09:12","slug":"instagram-fotograflarim-kendi-kendine-silindi-hatasi-2019","status":"publish","type":"post","link":"https:\/\/takipcikusu.com.tr\/blog\/instagram-fotograflarim-kendi-kendine-silindi-hatasi-2019.html","title":{"rendered":"Instagram Foto\u011fraflar\u0131m Kendi Kendine Silindi Hatas\u0131 &#8211; (2023)"},"content":{"rendered":"\n<p>Son g\u00fcnlerde okurlar\u0131m\u0131z taraf\u0131ndan Instagram&#8217;da payla\u015f\u0131lan foto\u011fraflar\u0131n kendi kendine siliniyor hatas\u0131n\u0131 ald\u0131klar\u0131na dair bir \u00e7ok \u015fikayetle kar\u015f\u0131la\u015ft\u0131k. Instagram&#8217;da sizin de payla\u015fm\u0131\u015f oldu\u011funuz foto\u011fraflar kendili\u011finden siliniyor ya da kayboluyorsa bu yaz\u0131m\u0131z\u0131 tam sizlere g\u00f6re\u2026<\/p>\n\n\n\n<p>Sosyal medya platformu Instagram kullan\u0131c\u0131lar\u0131n her an\u0131n\u0131 video ve resim payla\u015f\u0131m\u0131 olarak kulland\u0131\u011f\u0131 pop\u00fcler bir uygulama haline gelmi\u015ftir. Milyonlarca payla\u015f\u0131m\u0131n yap\u0131ld\u0131\u011f\u0131 Instagram da bunlar\u0131n yan\u0131 s\u0131ra bir \u00e7ok kullan\u0131c\u0131n\u0131n da payla\u015fm\u0131\u015f oldu\u011fu foto\u011fraflar\u0131n kendili\u011finden silindi\u011fine dair bir \u00e7ok \u015fikayetle kar\u015f\u0131la\u015ft\u0131\u011f\u0131 g\u00f6r\u00fclmektedir.Peki payla\u015f\u0131lan foto\u011fraflar neden kendili\u011finden siliniyor?<\/p>\n\n\n\n<p>Bu sorunla kar\u015f\u0131la\u015fan Instagram kullan\u0131c\u0131lar\u0131 payla\u015ft\u0131\u011f\u0131 foto\u011fraf veya videolar\u0131n 1-2 saniye sonra otomatik olarak kald\u0131r\u0131ld\u0131\u011f\u0131n\u0131 ve g\u00f6z\u00fckmedi\u011fini dile getirmektedirler. Bu sorunun temel nedeni ise kullan\u0131c\u0131lar\u0131n Instagram hesaplar\u0131na izin vermi\u015f oldu\u011fu extra uygulamalar sonras\u0131nda kar\u015f\u0131la\u015ft\u0131\u011f\u0131 bir sorun olmaktad\u0131r.<\/p>\n\n\n\n<p>Bunlar\u0131n yan\u0131 s\u0131ra kullan\u0131c\u0131lar b\u00f6yle bir i\u015flem sa\u011flamamlar\u0131na ra\u011fmen hesaplar\u0131nda daha \u00f6nce payla\u015fm\u0131\u015f oldu\u011fu foto\u011fraf ve videolar\u0131n neden g\u00f6r\u00fcnmedi\u011fini bilmek istemeleridir. Bunlara ra\u011fmen sizin de silinen payla\u015f\u0131mlar\u0131n\u0131z var ise bunun di\u011fer bir nedeni de payla\u015f\u0131m\u0131n kendinize ait veya \u015fikayet almayacak bir payla\u015f\u0131m olmas\u0131 gerekmesidir. Aksi taktirde payla\u015faca\u011f\u0131n\u0131z foto\u011fraf veya videolar Instagram taraf\u0131ndan spam olucak \u015fekilde silinebilir. <\/p>\n\n\n\n<h2 class=\"wp-block-heading\">Foto\u011fraflar\u0131n Silinmemesi \u0130\u00e7in Neler Yap\u0131lmal\u0131d\u0131r?<\/h2>\n\n\n\n<p><br> Bu k\u0131s\u0131m da ise payla\u015faca\u011f\u0131n\u0131z foto\u011fraflar\u0131n silinmemesi i\u00e7in bir ka\u00e7 ad\u0131mla bu sorunu ortadan kald\u0131rmaya \u00e7al\u0131\u015faca\u011f\u0131z. Bu y\u00f6ntemleri denedikten sonra \u015fayet olur da foto\u011fraflar\u0131n\u0131z tekrardan y\u00fcklenmezse ba\u015fka ad\u0131mlar ile geri getirmeye \u00e7al\u0131\u015faca\u011f\u0131z.<\/p>\n\n\n\n<h3 class=\"wp-block-heading\">INSTAGRAM&#8217;DA \u0130Z\u0130N VER\u0130LEN UYGUMALARIN \u0130Z\u0130NLER\u0130N\u0130 \u0130PTAL ETMEN\u0130Z GEREK\u0130YOR!<\/h3>\n\n\n\n<p><strong>Bilgisayar \u00dczerinden Instagram Uygulama \u0130zinleri Kald\u0131rma<\/strong><\/p>\n\n\n\n<p>1- Instagram uygulamas\u0131na giri\u015f yap\u0131n\u0131z. E\u011fer bilgisayar \u00fczerinden i\u015flem yapacaks\u0131n\u0131z Instagram ana sayfas\u0131na giri\u015f yap\u0131n\u0131z.<br>\n2- Instagram hesab\u0131n\u0131z\u0131n bilgilerini girdikten sonra ekran\u0131n\u0131z\u0131n sa\u011f taraf\u0131nda bulunan \u201cProfil\u201d alan\u0131na t\u0131klay\u0131n\u0131z.<br>\n3- Ard\u0131ndan Profil sekmesinden a\u00e7\u0131lan pencereden \u201cProfili D\u00fczenle\u201c k\u0131sm\u0131na t\u0131klay\u0131n\u0131z.<br>\n4- Burdan da &#8220;Profil D\u00fczenleme&#8221; sayfas\u0131na giri\u015f yapt\u0131ktan sonra sol tarafta bulunan alanlardan \u201c\u0130zinli Uygulamalar\u201d sekmesine t\u0131klay\u0131n\u0131z.<br>\n5- Bu alanda bulunan uygulamar\u0131n izinlerini &#8220;Eri\u015fimi \u0130ptal Et&#8221; butonuna t\u0131klayarak eri\u015fimleri iptal edebilirsiniz.<\/p>\n\n\n\n<ul>\n<li><a href=\"https:\/\/www.instagram.com\/accounts\/manage_access\">https:\/\/www.instagram.com\/accounts\/manage_access<\/a> bu ba\u011flant\u0131 ile de Instagram uygulama kald\u0131rma izinleri sayfas\u0131na kolayca ula\u015fabilirsiniz.<\/li>\n<\/ul>\n\n\n\n<p><strong>Android &amp; iOS Cihazlarda Instagram Uygulama \u0130zinleri Kald\u0131rma <\/strong><br><br> Instagram uygulamas\u0131 web sitesi \u00fczerinden nadiren de olsa g\u00fcncelleme yapsa mobil cihazlarda son d\u00f6nemde g\u00fcncelleme s\u0131kl\u0131\u011f\u0131n\u0131 artm\u0131\u015f bulunmaktad\u0131r. B\u00f6ylelikle kullan\u0131c\u0131lar uygulamay\u0131 telefonlardan kolayca g\u00fcncelleyebilmektedirler.<\/p>\n\n\n\n<p>Bilgisayar\u0131n\u0131z \u00fczerinden Instagram uygulama izinleri kald\u0131rma i\u015flemlerin ayn\u0131s\u0131 telefonlar\u0131n\u0131z i\u00e7in de ge\u00e7erli olacakt\u0131r. Bunlar\u0131 yapabilmeniz i\u00e7in ilk olarak Instagram hesab\u0131n\u0131za giri\u015f yapt\u0131ktan sonra taray\u0131c\u0131n\u0131zdan \u201cMasa\u00fcst\u00fc siteyi iste\u201d iznini a\u00e7mak ve yukar\u0131daki i\u015flemleri burada da uygulamak olacakt\u0131r.<\/p>\n\n\n\n<p>Not: Instagram&#8217;da izin vermi\u015f oldu\u011funuz uygulamalar\u0131 kald\u0131rd\u0131ktan sonra \u015fifrenizi kesinlikle de\u011fi\u015ftirmeniz uygun olucakt\u0131r. B\u00f6ylelikle Instagram \u015fifrenizi de\u011fi\u015ftirerek hesab\u0131n\u0131z\u0131n kontrol\u00fc sadece sizin taraf\u0131n\u0131zdan olucakt\u0131r.<\/p>\n\n\n\n<ul>\n<li><a href=\"https:\/\/www.instagram.com\/accounts\/password\/change\">https:\/\/www.instagram.com\/accounts\/password\/change<\/a> bu ba\u011flant\u0131 ile de \u015fifrenizi de\u011fi\u015ftirebilirsiniz.<\/li>\n<\/ul>\n\n\n\n<p>Umar\u0131z Instagram kendi kendine foto\u011fraf siliyor hatas\u0131 hakk\u0131nda vermi\u015f oldu\u011fumuz bilgiler ile sorununuz ortadan kalkm\u0131\u015f olucakt\u0131r.<\/p>\n\n\n\n<blockquote class=\"wp-block-quote\">\n<p><strong>G\u00fcncelleme.<\/strong><\/p>\n<\/blockquote>\n\n\n\n<h3 class=\"wp-block-heading\">Instagram Foto\u011fraflar\u0131m Kendi Kendine Silindi<\/h3>\n\n\n\n<p>Instagram&#8217;da foto\u011fraflar\u0131n\u0131n kendili\u011finden silindi\u011fi sorunu ya\u015fayabilirler. Bu sorunun birka\u00e7 farkl\u0131 nedeni olabilir ve kullan\u0131c\u0131lar bu sorunla kar\u015f\u0131la\u015ft\u0131klar\u0131nda ne yapmalar\u0131 gerekti\u011fini bilmelidirler.<\/p>\n\n\n\n<p>\u0130lk olarak, bu sorunun nedeni Instagram&#8217;\u0131n sunucular\u0131ndaki bir hatadan kaynaklan\u0131yor olabilir. Instagram&#8217;\u0131n sunucular\u0131nda ya\u015fanan sorunlar, kullan\u0131c\u0131lar\u0131n foto\u011fraflar\u0131n\u0131n silinmesine neden olabilir. Bu durumda, kullan\u0131c\u0131lar yapabilecekleri pek bir \u015fey yoktur ve genellikle Instagram bu sorunu k\u0131sa s\u00fcrede \u00e7\u00f6zmek i\u00e7in \u00e7al\u0131\u015facakt\u0131r.<\/p>\n\n\n\n<p>\u0130kinci bir neden, kullan\u0131c\u0131lar\u0131n kendi cihazlar\u0131ndaki sorunlardan kaynaklanabilir. Kullan\u0131c\u0131lar, foto\u011fraflar\u0131n\u0131 cihazlar\u0131ndan silmi\u015f veya ba\u015fka bir uygulama veya hizmete y\u00fcklemi\u015f olabilirler.<\/p>\n\n\n\n<figure class=\"wp-block-image size-full\"><img loading=\"lazy\" decoding=\"async\" width=\"599\" height=\"312\" src=\"https:\/\/www.takipci.co\/blog\/wp-content\/uploads\/2023\/03\/image-58.png\" alt=\"Instagram Foto\u011fraflar\u0131m Kendi Kendine Silindi Hatas\u0131 - (2023)\" class=\"wp-image-1056\" srcset=\"https:\/\/www.takipcikusu.com.tr\/blog\/wp-content\/uploads\/2023\/03\/image-58.png 599w, https:\/\/www.takipcikusu.com.tr\/blog\/wp-content\/uploads\/2023\/03\/image-58-300x156.png 300w\" sizes=\"(max-width: 599px) 100vw, 599px\" \/><\/figure>\n\n\n\n<h3 class=\"wp-block-heading\">Android &amp; iOS Cihazlarda Instagram Uygulama \u0130zinleri Kald\u0131rma<\/h3>\n\n\n\n<p>Instagram uygulamas\u0131n\u0131n cihaz\u0131n\u0131za eri\u015febilece\u011fi bir\u00e7ok izin bulunmaktad\u0131r. Baz\u0131 kullan\u0131c\u0131lar bu izinlerin gizliliklerini riske atabilece\u011finden endi\u015fe duyabilirler ve bu nedenle bu izinleri kald\u0131rmak isteyebilirler.<\/p>\n\n\n\n<p>Android Cihazlarda Instagram Uygulama \u0130zinleri Kald\u0131rma<\/p>\n\n\n\n<p>Android cihazlarda Instagram uygulama izinlerini kald\u0131rmak olduk\u00e7a kolayd\u0131r. A\u015fa\u011f\u0131daki ad\u0131mlar\u0131 izleyerek bunu yapabilirsiniz:<\/p>\n\n\n\n<ol>\n<li>Android cihaz\u0131n\u0131zda &#8220;Ayarlar&#8221; uygulamas\u0131n\u0131 a\u00e7\u0131n.<\/li>\n\n\n\n<li>&#8220;Uygulamalar&#8221; veya &#8220;Uygulama Y\u00f6neticisi&#8221; se\u00e7ene\u011fine dokunun.<\/li>\n\n\n\n<li>Instagram uygulamas\u0131n\u0131 bulun ve \u00fczerine dokunun.<\/li>\n\n\n\n<li>&#8220;\u0130zinler&#8221; se\u00e7ene\u011fine dokunun.<\/li>\n\n\n\n<li>\u0130zinleri g\u00f6rebilirsiniz ve kald\u0131rmak istedi\u011finiz izni bulun.<\/li>\n\n\n\n<li>\u0130zinin sa\u011f taraf\u0131ndaki anahtar simgesine dokunun ve &#8220;\u0130zin Verme&#8221; se\u00e7ene\u011fini se\u00e7in.<\/li>\n<\/ol>\n\n\n\n<p>\u0130\u015fte bu kadar! Art\u0131k Instagram uygulamas\u0131 o izne eri\u015femeyecektir.<\/p>\n\n\n\n<p>iOS Cihazlarda Instagram Uygulama \u0130zinleri Kald\u0131rma<\/p>\n\n\n\n<p>Instagram uygulama izinlerini kald\u0131rmak, iOS cihazlarda da olduk\u00e7a kolayd\u0131r. A\u015fa\u011f\u0131daki ad\u0131mlar\u0131 izleyerek bunu yapabilirsiniz:<\/p>\n\n\n\n<ol>\n<li>iOS cihaz\u0131n\u0131zda &#8220;Ayarlar&#8221; uygulamas\u0131n\u0131 a\u00e7\u0131n.<\/li>\n\n\n\n<li>&#8220;Genel&#8221; se\u00e7ene\u011fine dokunun.<\/li>\n\n\n\n<li>&#8220;iPhone Depolama&#8221; veya &#8220;iPad Depolama&#8221; se\u00e7ene\u011fine dokunun.<\/li>\n\n\n\n<li>Instagram uygulamas\u0131n\u0131 bulun ve \u00fczerine dokunun.<\/li>\n\n\n\n<li>&#8220;Uygulamay\u0131 Sil&#8221; se\u00e7ene\u011fine dokunun ve onaylay\u0131n.<\/li>\n\n\n\n<li>Instagram uygulamas\u0131 cihaz\u0131n\u0131zdan silinecektir.<\/li>\n<\/ol>\n\n\n\n<p>Yukar\u0131daki ad\u0131mlar\u0131 takip ederek, Instagram uygulama izinlerini cihaz\u0131n\u0131zdan kald\u0131rabilirsiniz. Ancak, bu izinlerin kald\u0131r\u0131lmas\u0131 baz\u0131 \u00f6zelliklerin kullan\u0131m\u0131n\u0131 etkileyebilir. \u00d6rne\u011fin, Instagram uygulamas\u0131n\u0131n foto\u011fraflar\u0131n\u0131z\u0131 kullanmas\u0131n\u0131 istemiyorsan\u0131z, bu izni kald\u0131rmak Instagram&#8217;\u0131n foto\u011fraf se\u00e7im ekran\u0131na eri\u015fimini engelleyecektir. Bu nedenle, izinleri kald\u0131rmadan \u00f6nce dikkatlice d\u00fc\u015f\u00fcnmeniz \u00f6nemlidir.<\/p>\n","protected":false},"excerpt":{"rendered":"<p>Son g\u00fcnlerde okurlar\u0131m\u0131z taraf\u0131ndan Instagram&#8217;da payla\u015f\u0131lan foto\u011fraflar\u0131n kendi kendine siliniyor hatas\u0131n\u0131 ald\u0131klar\u0131na dair bir \u00e7ok \u015fikayetle kar\u015f\u0131la\u015ft\u0131k. Instagram&#8217;da sizin de<\/p>\n<div class=\"read-more\"><a href=\"https:\/\/takipcikusu.com.tr\/blog\/instagram-fotograflarim-kendi-kendine-silindi-hatasi-2019.html\" class=\"link\">Read More <i class=\"fa fa-angle-right\"><\/i><span class=\"screen-reader-text\"> &#8220;Instagram Foto\u011fraflar\u0131m Kendi Kendine Silindi Hatas\u0131 &#8211; (2023)&#8221;<\/span><\/a><\/div>\n","protected":false},"author":1,"featured_media":384,"comment_status":"open","ping_status":"open","sticky":false,"template":"","format":"standard","meta":{"footnotes":""},"categories":[2],"tags":[676,675,677,678],"_links":{"self":[{"href":"https:\/\/takipcikusu.com.tr\/blog\/wp-json\/wp\/v2\/posts\/382"}],"collection":[{"href":"https:\/\/takipcikusu.com.tr\/blog\/wp-json\/wp\/v2\/posts"}],"about":[{"href":"https:\/\/takipcikusu.com.tr\/blog\/wp-json\/wp\/v2\/types\/post"}],"author":[{"embeddable":true,"href":"https:\/\/takipcikusu.com.tr\/blog\/wp-json\/wp\/v2\/users\/1"}],"replies":[{"embeddable":true,"href":"https:\/\/takipcikusu.com.tr\/blog\/wp-json\/wp\/v2\/comments?post=382"}],"version-history":[{"count":4,"href":"https:\/\/takipcikusu.com.tr\/blog\/wp-json\/wp\/v2\/posts\/382\/revisions"}],"predecessor-version":[{"id":1058,"href":"https:\/\/takipcikusu.com.tr\/blog\/wp-json\/wp\/v2\/posts\/382\/revisions\/1058"}],"wp:featuredmedia":[{"embeddable":true,"href":"https:\/\/takipcikusu.com.tr\/blog\/wp-json\/wp\/v2\/media\/384"}],"wp:attachment":[{"href":"https:\/\/takipcikusu.com.tr\/blog\/wp-json\/wp\/v2\/media?parent=382"}],"wp:term":[{"taxonomy":"category","embeddable":true,"href":"https:\/\/takipcikusu.com.tr\/blog\/wp-json\/wp\/v2\/categories?post=382"},{"taxonomy":"post_tag","embeddable":true,"href":"https:\/\/takipcikusu.com.tr\/blog\/wp-json\/wp\/v2\/tags?post=382"}],"curies":[{"name":"wp","href":"https:\/\/api.w.org\/{rel}","templated":true}]}}