{"id":457,"date":"2020-07-02T17:44:59","date_gmt":"2020-07-02T14:44:59","guid":{"rendered":"https:\/\/www.instakib.com\/blog\/?p=457"},"modified":"2023-03-14T14:22:30","modified_gmt":"2023-03-14T11:22:30","slug":"facebook-dili-turkce-ayarlanamiyor-sorunu-ve-cozumu-2020-guncel","status":"publish","type":"post","link":"https:\/\/takipcikusu.com.tr\/blog\/facebook-dili-turkce-ayarlanamiyor-sorunu-ve-cozumu-2020-guncel.html","title":{"rendered":"Facebook Dili T\u00fcrk\u00e7e Ayarlanam\u0131yor Sorunu ve \u00c7\u00f6z\u00fcm\u00fc [2023- G\u00fcncel]"},"content":{"rendered":"\n<p>  Sosyal medya platformlar\u0131ndaki baz\u0131 uygulamalarda bazen sistem kaynakl\u0131, bazen ba\u011flant\u0131 kaynakl\u0131 bazen de kullan\u0131c\u0131 kaynakl\u0131 hatalar olabilmektedir. Bu hatalar\u0131n nedeni kullan\u0131lan uygulamalar\u0131n orijinal dili \u0130ngilizce dili oldu\u011fu i\u00e7in baz\u0131 ki\u015filerde zor bir \u015fekilde \u00e7\u00f6z\u00fclebilinmektedir. Son zamanlarda okurlar\u0131m\u0131z\u0131n genelinde kar\u015f\u0131m\u0131za \u00e7\u0131kan bu tip hatalardan birisi de Facebook T\u00fcrk\u00e7e ayarlanam\u0131yor sorunu. Genel olarak telefonuna ya da mobil uygulamas\u0131na gelen g\u00fcncellemeleri yeniden g\u00fcncelleyen okurlar\u0131m\u0131z bu g\u00fcncellemelerden sonra uygulamalar\u0131n\u0131n dili \u0130ngilizce olarak otomatik de\u011fi\u015fti\u011fini s\u00f6yl\u00fcyor. Peki, bu tarz sorunlarda ne yap\u0131lmal\u0131? Facebook T\u00fcrk\u00e7e ayarlanam\u0131yor ne yapmal\u0131y\u0131m sorusunun \u00e7\u00f6z\u00fcm\u00fc nedir?<\/p>\n\n\n\n<h2 class=\"wp-block-heading\">Facebook Dil Sorunu ve \u00c7\u00f6z\u00fcm\u00fc<\/h2>\n\n\n\n<p>  Facebook uygulamas\u0131n\u0131n dili mobil cihazlarda genellikle g\u00fcncelleme yap\u0131ld\u0131ktan sonra \u0130ngilizce diline d\u00f6nmesi sorunu \u00e7o\u011funluk olarak Android i\u015fletim sistemi cihazlarda kar\u015f\u0131m\u0131za \u00e7\u0131kmaktad\u0131r. Facebook uygulamas\u0131n\u0131n dil se\u00e7ene\u011fini T\u00fcrk\u00e7e yapabilmek i\u00e7in ilk olarak dil ayarlar\u0131n\u0131 de\u011fi\u015fmeniz gerekir. Facebook dil de\u011fi\u015ftirme nas\u0131l yap\u0131l\u0131r?<\/p>\n\n\n\n<p>  \u0130lk olarak telefonunuzdan Facebook uygulamas\u0131na giriniz. Facebook mobil uygulamas\u0131na giri\u015f yapt\u0131ktan sonra ekran\u0131n\u0131n sa\u011f alt k\u00f6\u015fesinde bulunan \u00fcst \u00fcste \u00fc\u00e7 \u00e7izgi ibaresine t\u0131klay\u0131n.<br>\u00dc\u00e7 \u00e7izgiye t\u0131klad\u0131\u011f\u0131n\u0131zda ekran\u0131n\u0131zda bir \u00e7ok sekme \u00e7\u0131kacakt\u0131r. Buradan alt s\u0131ralara do\u011fru inerek &#8220;Ayarlar ve G\u00fcvenlik&#8221; ibaresini bulun ve t\u0131klay\u0131n\u0131z. Bu se\u00e7eneklerin alt\u0131nda bulunan ayarlar k\u0131sm\u0131na t\u0131klay\u0131n.<br>Ayarlar sayfas\u0131na girdi\u011finizde ikinci s\u0131rada dil se\u00e7ene\u011fi bulunur buna t\u0131klad\u0131\u011f\u0131n\u0131z zaman size dil ayarlar\u0131 ekran\u0131 g\u00f6sterilecektir. En \u00fcst s\u0131radaki sekmede uygulaman\u0131n dilini hangi dile ayarlamak istersiniz yazar. Buna t\u0131klad\u0131\u011f\u0131n\u0131zda vakit uygulama sizi diller sayfas\u0131na g\u00f6t\u00fcrecektir.<br>Diller sayfas\u0131ndan T\u00fcrk\u00e7e dil se\u00e7ene\u011fini ekran\u0131 en alta indirerek bulabilirsiniz. Buradan T\u00fcrk\u00e7e dil se\u00e7ene\u011fine t\u0131klay\u0131n\u0131z, bu ad\u0131m\u0131 yapt\u0131ktan sonra yeniden sayfan\u0131n \u00fcst k\u0131sm\u0131na gelip kaydete ibaresine t\u0131klay\u0131n. Bu \u015fekilde mobil cihaz\u0131n\u0131zdan Facebook uygulamas\u0131n\u0131n dili \u0130ngilizce oldu\u011fu durumlarda nas\u0131l T\u00fcrk\u00e7e dil yap\u0131laca\u011f\u0131n\u0131 \u00f6\u011frenmi\u015f oldunuz.<\/p>\n\n\n\n<h3 class=\"wp-block-heading\">Facebook dil ayarlar\u0131n\u0131 web sitesinden nas\u0131l T\u00fcrk\u00e7e yapabilirsiniz?<\/h3>\n\n\n\n<p>  Facebook uygulamas\u0131n\u0131n dilini mobil cihazlar \u00fczerinden de\u011fi\u015ftirebildi\u011finiz gibi web sitesinden de de\u011fi\u015ftirebilirsiniz. Bunun i\u00e7in a\u015fa\u011f\u0131daki ad\u0131mlar\u0131 uygulay\u0131n\u0131z.<\/p>\n\n\n\n<p>\u0130lk olarak facebook.com ana sayfas\u0131n\u0131 a\u00e7\u0131n\u0131z. Hesab\u0131n\u0131za giri\u015f yap\u0131lmas\u0131 gerekmektedir.<br>Ekran\u0131n\u0131z\u0131n sa\u011f en \u00fcst k\u00f6\u015fesinde bulunan a\u015fa\u011f\u0131 do\u011fru ok gibi olan ibareyi t\u0131klay\u0131n. Buradaki se\u00e7eneklerden Ayarlar k\u0131sm\u0131n\u0131 se\u00e7iniz.<\/p>\n\n\n\n<p>Ayarlar sayfas\u0131n\u0131 a\u00e7t\u0131\u011f\u0131n\u0131zda sol s\u00fct\u00fcn dil se\u00e7ene\u011fi yer almaktad\u0131r. Facebook hesab\u0131n\u0131z\u0131n dili \u0130ngilizce ise burada Language yazacakt\u0131r. Buna k\u0131s\u0131ma t\u0131klay\u0131n\u0131z.<br>Language (Dil) ekran\u0131na geldi\u011finizde ilk s\u0131rada yazan Facebook&#8217;u hangi dilde kullanmak istiyorsun ekran\u0131 gelir. Buradaki edit\/d\u00fczenle k\u0131sm\u0131na t\u0131klayarak se\u00e7mek istedi\u011finiz dil se\u00e7im sayfas\u0131na gidiniz. Dil se\u00e7im sayfas\u0131ndan T\u00fcrk\u00e7e dilini bulup kaydet dedikten sonra dil T\u00fcrk\u00e7e olacakt\u0131r.<\/p>\n\n\n\n<p>Hem mobil cihazlardan, hem de masa\u00fcst\u00fc cihazlardan Facebook dil se\u00e7ene\u011fini T\u00fcrk\u00e7e olarak ayarlamak olduk\u00e7a kolay bir i\u015flemdir. Telefonunuzdaki Google veya di\u011fer taray\u0131c\u0131lar\u0131 hangi dilde mevcut olarak kullan\u0131yorsan\u0131z, VPN ya da DNS ayarlar\u0131n\u0131 de\u011fi\u015ftirerek uygulamaya ba\u015fka bir \u00fclkeden internete girmi\u015f gibi g\u00f6steremiyorsan\u0131z genelde bilgisayar\u0131n\u0131zdaki veya telefonunuzdaki web siteler t\u00fcrk\u00e7e dili olarak ayarlan\u0131r. Lakin mobil uygulamalar\u0131n dili farkl\u0131 olabilir, bu uygulamalar\u0131n dilini de\u011fi\u015ftirmeniz gerekiyor.<\/p>\n\n\n\n<p><strong>Telefonda Facebook T\u00fcrk\u00e7e ayarlanam\u0131yor ne yapmal\u0131y\u0131m?<br><\/strong>Facebook hesab\u0131n\u0131z\u0131n \u0130ngilizce dilini T\u00fcrk\u00e7e&#8217;ye \u00e7evirme sorunu bazen ayarlardan \u00e7\u00f6z\u00fclenemeyebilir. Bu sorun ile kar\u015f\u0131la\u015ft\u0131\u011f\u0131n\u0131z vakit Facebook uygulamas\u0131n\u0131 telefonunuzdan kald\u0131r\u0131p ve tekrardan y\u00fcklemeniz gerekir. Facebook uygulamas\u0131n\u0131 kald\u0131rmak i\u00e7in telefonunuzun ayarlar k\u0131sm\u0131na gidip uygulamay\u0131 kald\u0131r demeniz gerekmektedir.<\/p>\n\n\n\n<p>Cihaz\u0131n\u0131zdan Facebook uygulamas\u0131n\u0131 kald\u0131rd\u0131ktan sonra tekrar indirmeniz gerekiyor. Facebook&#8217;u tekrar indirdi\u011finiz vakit uygulaman\u0131n dili T\u00fcrk\u00e7e olacakt\u0131r. Bu ad\u0131mlar\u0131 denedikten sonra dil hala T\u00fcrk\u00e7e olmad\u0131ysa telefonunuzun VPN ya da DNS ayarlar\u0131ndan Turkey (T\u00fcrkiye) dilini se\u00e7ip uygulamay\u0131 tekrardan telefonunuza indiriniz.<\/p>\n\n\n\n<p>Facebook uygulamas\u0131n\u0131n dilini de\u011fi\u015ftirmek i\u00e7in di\u011fer alternatif ad\u0131mlar;<br>Mobil cihaz\u0131n\u0131zdan Facebook uygulamas\u0131n\u0131n dilini de\u011fi\u015ftiremediyseniz telefonunuzdaki Google, Safari, Yandex, Opera veya di\u011fer taray\u0131c\u0131lar\u0131n birinden m.facebook.com sitesine giriniz. Giri\u015f yapt\u0131\u011f\u0131n\u0131z Facebook hesab\u0131n\u0131zdan daha \u00f6nce de bilgisayar\u0131n\u0131zdan denedi\u011finiz yukar\u0131daki ad\u0131mlar\u0131 burada da uygulay\u0131n. Bu ayarlar\u0131 yapt\u0131\u011f\u0131n\u0131z vakit Facebook uygulamas\u0131n\u0131n dili T\u00fcrk\u00e7e veya diledi\u011finiz herhangi bir dilde ayarlayabilirsiniz.<\/p>\n\n\n\n<p>Bu konu hakk\u0131nda yazm\u0131\u015f oldu\u011fumuz yaz\u0131m\u0131z umar\u0131z size yard\u0131mc\u0131 olacakt\u0131r. Bir sonraki Blog yaz\u0131m\u0131zda g\u00f6r\u00fc\u015fmek dile\u011fiyle.<\/p>\n\n\n\n<blockquote class=\"wp-block-quote\">\n<p>G\u00fcncelleme<\/p>\n<\/blockquote>\n\n\n\n<h2 class=\"wp-block-heading\">Facebook Dili T\u00fcrk\u00e7e Ayarlanam\u0131yor<\/h2>\n\n\n\n<p>Facebook, d\u00fcnya genelinde milyarlarca insan taraf\u0131ndan kullan\u0131lan en pop\u00fcler sosyal medya platformlar\u0131ndan biridir. Ancak, kullan\u0131c\u0131lar\u0131n bazen Facebook dilini T\u00fcrk\u00e7e&#8217;ye ayarlamakta zorluk ya\u015fad\u0131klar\u0131 bir sorunla kar\u015f\u0131la\u015fabilirler. Bu makalede, Facebook dilini T\u00fcrk\u00e7e&#8217;ye ayarlanamayan hatas\u0131 hakk\u0131nda daha fazla bilgi edineceksiniz.<\/p>\n\n\n\n<ol>\n<li>Taray\u0131c\u0131 Ayarlar\u0131n\u0131 Kontrol Edin: Facebook dilini T\u00fcrk\u00e7e&#8217;ye ayarlamak i\u00e7in \u00f6ncelikle taray\u0131c\u0131n\u0131z\u0131n dil ayarlar\u0131n\u0131 kontrol etmeniz gerekiyor. Taray\u0131c\u0131n\u0131z\u0131n ayarlar\u0131na girin ve &#8220;Dil&#8221; sekmesine t\u0131klay\u0131n. Daha sonra, &#8220;T\u00fcrk\u00e7e&#8221; se\u00e7ene\u011fini bulun ve se\u00e7in. Taray\u0131c\u0131n\u0131z\u0131 yeniden ba\u015flat\u0131n ve Facebook&#8217;a tekrar giri\u015f yap\u0131n. Bu \u015fekilde, Facebook&#8217;un dili otomatik olarak T\u00fcrk\u00e7e&#8217;ye \u00e7evrilecektir.<\/li>\n\n\n\n<li>Facebook Dil Ayarlar\u0131n\u0131 Kontrol Edin: Facebook dil ayarlar\u0131n\u0131z\u0131n do\u011fru \u015fekilde yap\u0131land\u0131r\u0131ld\u0131\u011f\u0131ndan emin olun. Facebook hesab\u0131n\u0131za giri\u015f yap\u0131n ve sa\u011f \u00fcst k\u00f6\u015fedeki \u00fc\u00e7 \u00e7izgi simgesine t\u0131klayarak a\u00e7\u0131l\u0131r men\u00fcy\u00fc a\u00e7\u0131n. &#8220;Ayarlar ve Gizlilik&#8221; se\u00e7ene\u011fini se\u00e7in ve &#8220;Dil&#8221; se\u00e7ene\u011fini bulun. Daha sonra, &#8220;Dili De\u011fi\u015ftir&#8221; se\u00e7ene\u011fine t\u0131klay\u0131n ve &#8220;T\u00fcrk\u00e7e&#8221; se\u00e7ene\u011fini se\u00e7in. De\u011fi\u015fiklikleri kaydetmek i\u00e7in &#8220;De\u011fi\u015fiklikleri Kaydet&#8221; d\u00fc\u011fmesine t\u0131klay\u0131n.<\/li>\n\n\n\n<li>Taray\u0131c\u0131 \u00d6nbelle\u011fini Temizleyin: Taray\u0131c\u0131n\u0131z\u0131n \u00f6nbelle\u011fini temizleyerek, Facebook dilini T\u00fcrk\u00e7e&#8217;ye ayarlamada ya\u015fad\u0131\u011f\u0131n\u0131z sorunlar\u0131 \u00e7\u00f6zebilirsiniz. Taray\u0131c\u0131n\u0131z\u0131n ayarlar\u0131na girin ve &#8220;Tarama Verilerini Temizle&#8221; se\u00e7ene\u011fini se\u00e7in. \u00d6nbellek verilerini ve \u00e7erezleri temizleyin ve taray\u0131c\u0131n\u0131z\u0131 yeniden ba\u015flat\u0131n. Facebook&#8217;a tekrar giri\u015f yap\u0131n ve dil ayarlar\u0131n\u0131z\u0131 kontrol edin.<\/li>\n\n\n\n<li>Facebook Uygulamas\u0131n\u0131 G\u00fcncelleyin: Facebook mobil uygulamas\u0131n\u0131 kullan\u0131yorsan\u0131z, uygulaman\u0131z\u0131n g\u00fcncel oldu\u011fundan emin olun. Google Play Store veya App Store&#8217;dan Facebook uygulamas\u0131n\u0131 g\u00fcncelleyin ve uygulamay\u0131 yeniden ba\u015flat\u0131n. Daha sonra, Facebook dil ayarlar\u0131n\u0131z\u0131 kontrol edin ve dilin T\u00fcrk\u00e7e olarak ayarlan\u0131p ayarlanmad\u0131\u011f\u0131n\u0131 kontrol edin.<\/li>\n\n\n\n<li>Facebook Destek Ekibi ile \u0130leti\u015fime Ge\u00e7in: Yukar\u0131daki ad\u0131mlar\u0131n hi\u00e7biri Facebook dilini T\u00fcrk\u00e7e&#8217;ye ayarlamada sorununuzu \u00e7\u00f6zemezse, Facebook destek ekibiyle ileti\u015fime ge\u00e7ebilirsiniz.<\/li>\n<\/ol>\n\n\n\n<figure class=\"wp-block-image size-full\"><img loading=\"lazy\" decoding=\"async\" width=\"853\" height=\"448\" src=\"https:\/\/www.takipci.co\/blog\/wp-content\/uploads\/2023\/03\/image-47.png\" alt=\"Facebook Dili T\u00fcrk\u00e7e Ayarlanam\u0131yor\" class=\"wp-image-1007\" srcset=\"https:\/\/www.takipcikusu.com.tr\/blog\/wp-content\/uploads\/2023\/03\/image-47.png 853w, https:\/\/www.takipcikusu.com.tr\/blog\/wp-content\/uploads\/2023\/03\/image-47-300x158.png 300w, https:\/\/www.takipcikusu.com.tr\/blog\/wp-content\/uploads\/2023\/03\/image-47-768x403.png 768w\" sizes=\"(max-width: 767px) 89vw, (max-width: 1000px) 54vw, (max-width: 1071px) 543px, 580px\" \/><\/figure>\n\n\n\n<h3 class=\"wp-block-heading\">Web sitesinden Dil De\u011fi\u015ftirme <\/h3>\n\n\n\n<p>Facebook Dil Ayarlar\u0131n\u0131 De\u011fi\u015ftirme<\/p>\n\n\n\n<ul>\n<li>Facebook hesab\u0131n\u0131za giri\u015f yap\u0131n.<\/li>\n\n\n\n<li>Sa\u011f \u00fcst k\u00f6\u015fedeki ok i\u015faretine t\u0131klay\u0131n.<\/li>\n\n\n\n<li>A\u00e7\u0131l\u0131r men\u00fcdeki &#8220;Ayarlar&#8221; se\u00e7ene\u011fine t\u0131klay\u0131n.<\/li>\n\n\n\n<li>Sol taraftaki men\u00fcden &#8220;Dil ve B\u00f6lge&#8221; se\u00e7ene\u011fine t\u0131klay\u0131n.<\/li>\n\n\n\n<li>&#8220;Dil&#8221; b\u00f6l\u00fcm\u00fcnde, a\u00e7\u0131l\u0131r men\u00fcden &#8220;T\u00fcrk\u00e7e&#8221; se\u00e7ene\u011fini se\u00e7in.<\/li>\n\n\n\n<li>&#8220;Kaydet&#8221; butonuna t\u0131klay\u0131n.<\/li>\n<\/ul>\n\n\n\n<p>Facebook Dil Ayarlar\u0131n\u0131 De\u011fi\u015ftiremiyorsan\u0131z<\/p>\n\n\n\n<p>E\u011fer Facebook dil ayarlar\u0131n\u0131 de\u011fi\u015ftiremezseniz, belki de hesab\u0131n\u0131z\u0131n dil ayarlar\u0131 k\u0131s\u0131tlanm\u0131\u015f olabilir. Bu durumda, Facebook hesab\u0131n\u0131z\u0131 do\u011frulamal\u0131 veya belirli bir ya\u015fa ula\u015fmal\u0131s\u0131n\u0131z. Ayr\u0131ca, taray\u0131c\u0131n\u0131z\u0131n dil ayarlar\u0131na g\u00f6re de\u011fi\u015fiklik yapabilirsiniz.<\/p>\n\n\n\n<p>\u00d6zetle, Facebook dil ayarlar\u0131n\u0131 web sitesinden T\u00fcrk\u00e7e yapmak olduk\u00e7a kolayd\u0131r. Yapman\u0131z gereken sadece hesab\u0131n\u0131zda bulunan &#8220;Dil ve B\u00f6lge&#8221; se\u00e7ene\u011fini kullanarak T\u00fcrk\u00e7e&#8217;yi se\u00e7mek ve &#8220;Kaydet&#8221; butonuna t\u0131klamakt\u0131r. Bu sayede, Facebook deneyiminizi daha kolay ve anla\u015f\u0131l\u0131r hale getirebilirsiniz.<\/p>\n","protected":false},"excerpt":{"rendered":"<p>Sosyal medya platformlar\u0131ndaki baz\u0131 uygulamalarda bazen sistem kaynakl\u0131, bazen ba\u011flant\u0131 kaynakl\u0131 bazen de kullan\u0131c\u0131 kaynakl\u0131 hatalar olabilmektedir. Bu hatalar\u0131n nedeni<\/p>\n<div class=\"read-more\"><a href=\"https:\/\/takipcikusu.com.tr\/blog\/facebook-dili-turkce-ayarlanamiyor-sorunu-ve-cozumu-2020-guncel.html\" class=\"link\">Read More <i class=\"fa fa-angle-right\"><\/i><span class=\"screen-reader-text\"> &#8220;Facebook Dili T\u00fcrk\u00e7e Ayarlanam\u0131yor Sorunu ve \u00c7\u00f6z\u00fcm\u00fc [2023- G\u00fcncel]&#8221;<\/span><\/a><\/div>\n","protected":false},"author":1,"featured_media":459,"comment_status":"open","ping_status":"open","sticky":false,"template":"","format":"standard","meta":{"footnotes":""},"categories":[1,2,7,9],"tags":[733,735,736,737,730,734,662,731,732],"_links":{"self":[{"href":"https:\/\/takipcikusu.com.tr\/blog\/wp-json\/wp\/v2\/posts\/457"}],"collection":[{"href":"https:\/\/takipcikusu.com.tr\/blog\/wp-json\/wp\/v2\/posts"}],"about":[{"href":"https:\/\/takipcikusu.com.tr\/blog\/wp-json\/wp\/v2\/types\/post"}],"author":[{"embeddable":true,"href":"https:\/\/takipcikusu.com.tr\/blog\/wp-json\/wp\/v2\/users\/1"}],"replies":[{"embeddable":true,"href":"https:\/\/takipcikusu.com.tr\/blog\/wp-json\/wp\/v2\/comments?post=457"}],"version-history":[{"count":4,"href":"https:\/\/takipcikusu.com.tr\/blog\/wp-json\/wp\/v2\/posts\/457\/revisions"}],"predecessor-version":[{"id":1008,"href":"https:\/\/takipcikusu.com.tr\/blog\/wp-json\/wp\/v2\/posts\/457\/revisions\/1008"}],"wp:featuredmedia":[{"embeddable":true,"href":"https:\/\/takipcikusu.com.tr\/blog\/wp-json\/wp\/v2\/media\/459"}],"wp:attachment":[{"href":"https:\/\/takipcikusu.com.tr\/blog\/wp-json\/wp\/v2\/media?parent=457"}],"wp:term":[{"taxonomy":"category","embeddable":true,"href":"https:\/\/takipcikusu.com.tr\/blog\/wp-json\/wp\/v2\/categories?post=457"},{"taxonomy":"post_tag","embeddable":true,"href":"https:\/\/takipcikusu.com.tr\/blog\/wp-json\/wp\/v2\/tags?post=457"}],"curies":[{"name":"wp","href":"https:\/\/api.w.org\/{rel}","templated":true}]}}