{"id":554,"date":"2021-01-08T17:32:06","date_gmt":"2021-01-08T14:32:06","guid":{"rendered":"https:\/\/www.instakib.com\/blog\/?p=554"},"modified":"2023-03-13T17:02:11","modified_gmt":"2023-03-13T14:02:11","slug":"instagram-etiketleri-nasil-kullanilir","status":"publish","type":"post","link":"https:\/\/takipcikusu.com.tr\/blog\/instagram-etiketleri-nasil-kullanilir.html","title":{"rendered":"Instagram Etiketleri Nas\u0131l Kullan\u0131l\u0131r?"},"content":{"rendered":"\n<p>  \u00d6zellikle son y\u0131llarda Instagram, hayat\u0131m\u0131z\u0131n ayr\u0131lmaz bir par\u00e7as\u0131 oldu. Instagram&#8217;\u0131n etiketleme \u00f6zelli\u011fini kullanmak isteyen kullan\u0131c\u0131lar, <strong>Instagram Etiketleri Nas\u0131l Kullan\u0131l\u0131r? <\/strong>sorusunun cevab\u0131n\u0131 ar\u0131yor. Instagram&#8217;\u0131 bir\u00e7ok ama\u00e7la kullanmak m\u00fcmk\u00fcn.<\/p>\n\n\n\n<p>&nbsp;\u0130ster sosyalle\u015fmek ister topluluk olu\u015fturmak isterse de Instagram pazarlamas\u0131 yapmak i\u00e7in Instagram&#8217;\u0131 kullanabilirsiniz. Ne ama\u00e7la olursa olsun payla\u015f\u0131mlar\u0131n\u0131zdan en \u00fcst d\u00fczeyde verim alabilmek i\u00e7in <strong>Instagram Ad Etiketi nas\u0131l yap\u0131l\u0131r <\/strong>bilmek \u00e7ok \u00f6nemlidir. Bu nedenle sizler i\u00e7in <strong>Instagram Etiketleri Nas\u0131l Kullan\u0131l\u0131r?<\/strong> ara\u015ft\u0131rd\u0131k ve elde etti\u011fimiz bilgileri derleyerek bu makaleyi olu\u015fturduk. O zaman Instagram g\u00f6nderilerinde etiket kullan\u0131m\u0131 nas\u0131l yap\u0131l\u0131r sorusu ile ba\u015flayal\u0131m.<\/p>\n\n\n<div class=\"wp-block-image\">\n<figure class=\"aligncenter size-large\"><img loading=\"lazy\" decoding=\"async\" width=\"945\" height=\"531\" src=\"https:\/\/www.instakib.com\/blog\/wp-content\/uploads\/2021\/01\/hashtag1.png\" alt=\"\" class=\"wp-image-556\" srcset=\"https:\/\/www.takipcikusu.com.tr\/blog\/wp-content\/uploads\/2021\/01\/hashtag1.png 945w, https:\/\/www.takipcikusu.com.tr\/blog\/wp-content\/uploads\/2021\/01\/hashtag1-300x169.png 300w, https:\/\/www.takipcikusu.com.tr\/blog\/wp-content\/uploads\/2021\/01\/hashtag1-768x432.png 768w\" sizes=\"(max-width: 767px) 89vw, (max-width: 1000px) 54vw, (max-width: 1071px) 543px, 580px\" \/><\/figure><\/div>\n\n\n<h2 class=\"wp-block-heading\">Instagram G\u00f6nderilerinde Etiket Kullan\u0131m\u0131 Nas\u0131l Yap\u0131l\u0131r?<\/h2>\n\n\n\n<p>Instagram&#8217;da payla\u015f\u0131mlar\u0131n\u0131zda, hikayelerinizde ve hatta yorumlar\u0131n\u0131zda maksimum verim alabilmek ad\u0131na <strong>Instagram Ad Etiketi olu\u015fturma <\/strong>olduk\u00e7a \u00f6nemlidir. A\u015fa\u011f\u0131daki ad\u0131mlar\u0131 uygulayarak kolayl\u0131kla Instagram&#8217;da etiketleme yapabileceksiniz.<\/p>\n\n\n\n<ol type=\"1\">\n<li>\u0130lk olarak Instagram hesab\u0131n\u0131za giri\u015f yap\u0131n.<\/li>\n\n\n\n<li>Ekranda alt orta k\u0131s\u0131mda bulunan &#8220;+&#8221; simgesine t\u0131klay\u0131n ve yeni bir payla\u015f\u0131m olu\u015fturun.<\/li>\n\n\n\n<li>E\u011fer galeride var olan bir foto\u011fraf ya da videoyu payla\u015fmak istiyorsan\u0131z galerinizden payla\u015fmak istedi\u011finiz foto\u011fraf ya da videoyu se\u00e7in. E\u011fer yeni bir foto\u011fraf ya da video \u00e7ekmek isterseniz, foto\u011fraf ya da video sekmelerine t\u0131klayarak yeni bir g\u00f6nderi olu\u015fturun.<\/li>\n\n\n\n<li>Payla\u015f\u0131m\u0131n\u0131za istedi\u011finiz konumu, yorumu ve hashtag\u2019leri ekledikten sonra &#8220;\u0130nsanlar\u0131 etiketle&#8221; sekmesine dokunun.<\/li>\n\n\n\n<li>Se\u00e7ti\u011finiz foto\u011fraf ya da video yeni bir ekranda g\u00f6r\u00fcnecektir. Bu ekranda etiketin g\u00f6r\u00fcnmesini istedi\u011finiz yeri se\u00e7melisiniz<\/li>\n\n\n\n<li>Etiketlemek istedi\u011finiz kullan\u0131c\u0131n\u0131n ad\u0131n\u0131, ekran\u0131n \u00fcst k\u0131sm\u0131ndaki arama \u00e7ubu\u011funda aray\u0131n.<\/li>\n\n\n\n<li>Do\u011fru kullan\u0131c\u0131 ad\u0131n\u0131 g\u00f6rd\u00fc\u011f\u00fcn\u00fczde \u00fczerine dokunun. \u00c7ok say\u0131da kullan\u0131c\u0131 etiketlemek istiyorsan\u0131z bu a\u015famay\u0131 tekrarlay\u0131n.<\/li>\n\n\n\n<li>Son olarak de\u011fi\u015fikliklerinizi kaydedin ve g\u00f6nderinizi payla\u015f\u0131n.&nbsp;&nbsp;&nbsp;&nbsp;&nbsp;&nbsp;&nbsp;&nbsp;&nbsp;&nbsp;&nbsp;&nbsp;&nbsp;&nbsp;&nbsp;&nbsp;&nbsp;&nbsp;&nbsp;&nbsp;&nbsp; &nbsp;&nbsp;&nbsp;&nbsp;&nbsp;&nbsp;&nbsp;&nbsp;&nbsp;&nbsp;&nbsp;&nbsp;&nbsp;&nbsp;&nbsp;&nbsp;&nbsp;&nbsp;&nbsp;&nbsp;&nbsp;&nbsp;&nbsp;&nbsp;&nbsp;&nbsp;&nbsp;&nbsp;<\/li>\n<\/ol>\n\n\n\n<p>Art\u0131k <strong>Instagram&#8217;da etiketleme yapam\u0131yorum <\/strong>diyenler de bu bilgiler sayesinde Instagram Etiketleri kullanarak kolayl\u0131kla payla\u015f\u0131m yapabilir. Peki Instagram g\u00f6nderilerinde de\u011fil de hikayenizde etiketleme yapmak isterseniz ne yapmal\u0131s\u0131n\u0131z?<\/p>\n\n\n\n<h3 class=\"wp-block-heading\">Instagram Hikayesinde Etiketleme Nas\u0131l Yap\u0131l\u0131r?<\/h3>\n\n\n\n<p>Instagram&#8217;\u0131n 2016 A\u011fustos ay\u0131nda ba\u015flatt\u0131\u011f\u0131 ve Snapchat benzeri bir uygulama olan Instagram Stories, etiketleme yapmaya da imk\u00e2n sunuyor. Peki <strong>Instagram hik\u00e2ye ki\u015fi etiketleme <\/strong>nas\u0131l yap\u0131l\u0131r?<\/p>\n\n\n\n<ol type=\"1\">\n<li>Yeni bir Instagram hikayesi olu\u015fturmak i\u00e7in Instagram proflinize girin.<\/li>\n\n\n\n<li>Ekran\u0131 sa\u011fa kayd\u0131r\u0131n ve yeni bir Instagram hikayesi olu\u015fturun.<\/li>\n\n\n\n<li>Yeni bir foto\u011fraf \u00e7ekmek i\u00e7in ekran\u0131n ortas\u0131ndaki beyaz d\u00fc\u011fmeye dokunun. Video \u00e7ekmek isterseniz d\u00fc\u011fmeye bas\u0131l\u0131 tutmal\u0131s\u0131n\u0131z. E\u011fer yeni bir g\u00f6nderi olu\u015fturmak yerine galerinizde var olan bir foto\u011fraf ya da videoyu payla\u015fmak isterseniz yukar\u0131 kayd\u0131r\u0131n.<\/li>\n\n\n\n<li>Etiketleme yapmak i\u00e7in, \u0130stagram \u00e7\u0131kartmalar\u0131 sekmesine dokunun.<\/li>\n\n\n\n<li>Burada \u00e7\u0131kartmalar i\u00e7inden &#8220;@Mention&#8221; yazana dokunun ve etiketlemek istedi\u011finiz ki\u015filerin kullan\u0131c\u0131 ad\u0131n\u0131 buraya yazarak se\u00e7in.<\/li>\n\n\n\n<li>Etiketi istedi\u011finiz gibi boyutland\u0131r\u0131n ve yerle\u015ftirin.<\/li>\n\n\n\n<li>Etiketleme yapt\u0131\u011f\u0131n\u0131z hikayeniz haz\u0131r! Son olarak hikayenizi takip\u00e7ilerinizle payla\u015f\u0131n.<\/li>\n<\/ol>\n\n\n\n<p><strong>Instagram Etiketleri Nas\u0131l Kullan\u0131l\u0131r? <\/strong>sorusuna ayr\u0131nt\u0131lar\u0131 ile cevap vermeye \u00e7al\u0131\u015ft\u0131k. Umar\u0131z bu yaz\u0131m\u0131z i\u015finize yarar ve bundan sonra Instagram g\u00f6nderilerinizde kolayl\u0131kla etiketleme yapabilirsiniz.<\/p>\n\n\n\n<blockquote class=\"wp-block-quote\">\n<p><strong>G\u00fcncellendi.<\/strong><\/p>\n<\/blockquote>\n\n\n\n<h3 class=\"wp-block-heading\">Instagram Etiketleri Nas\u0131l Kullan\u0131l\u0131r?<\/h3>\n\n\n\n<p>Instagram etiketleri, kullan\u0131c\u0131lar\u0131n payla\u015ft\u0131klar\u0131 g\u00f6nderilerin daha fazla ki\u015fi taraf\u0131ndan ke\u015ffedilmesine yard\u0131mc\u0131 olan bir ara\u00e7t\u0131r. Bir etiket, bir kelime veya kelime \u00f6be\u011fi olabilir ve &#8220;#&#8221; sembol\u00fcyle ba\u015flar. Instagram etiketleri, kullan\u0131c\u0131lara ilgi alanlar\u0131na g\u00f6re ke\u015fif yapma imkan\u0131 sa\u011flar ve bir g\u00f6nderiye eklenen etiketler, Instagram taraf\u0131ndan s\u0131n\u0131fland\u0131r\u0131l\u0131r ve ayn\u0131 etiketi kullanan di\u011fer g\u00f6nderilerle birlikte listelenir.<\/p>\n\n\n\n<p>Peki, Instagram etiketleri nas\u0131l kullan\u0131l\u0131r? \u0130\u015fte size birka\u00e7 ipucu:<\/p>\n\n\n\n<h3 class=\"wp-block-heading\">\u0130lgi Alan\u0131n\u0131za Uygun Etiketler Kullan\u0131n<\/h3>\n\n\n\n<p>G\u00f6nderilerinizin daha fazla ki\u015fi taraf\u0131ndan ke\u015ffedilmesini istiyorsan\u0131z, ilgi alan\u0131n\u0131za uygun etiketler kullanmal\u0131s\u0131n\u0131z. \u00d6rne\u011fin, bir foto\u011fraf \u00e7ekimi i\u015fi yap\u0131yorsan\u0131z, #photography, #photooftheday veya #photo gibi ilgi alan\u0131n\u0131za uygun etiketleri kullanabilirsiniz. Bunlar, foto\u011fraf \u00e7ekimine ilgi duyan kullan\u0131c\u0131lar\u0131n arama yapt\u0131\u011f\u0131nda g\u00f6nderilerinizi g\u00f6rme olas\u0131l\u0131klar\u0131n\u0131 art\u0131racakt\u0131r.<\/p>\n\n\n\n<h3 class=\"wp-block-heading\">G\u00f6nderi Konunuzla \u0130lgili Etiketler Kullan\u0131n<\/h3>\n\n\n\n<p>G\u00f6nderilerinizin daha ilgili ki\u015filer taraf\u0131ndan ke\u015ffedilmesini istiyorsan\u0131z, g\u00f6nderi konunuzla ilgili etiketler kullan\u0131n. \u00d6rne\u011fin, bir yemek foto\u011fraf\u0131 payla\u015f\u0131yorsan\u0131z, #foodie, #foodporn veya #foodphotography gibi ilgili etiketleri kullanabilirsiniz. Bu, yemek tarifleri veya yemek foto\u011fraflar\u0131 arayan ki\u015filerin arama sonu\u00e7lar\u0131nda g\u00f6nderinizi g\u00f6rme olas\u0131l\u0131\u011f\u0131n\u0131 art\u0131racakt\u0131r.<\/p>\n\n\n\n<h3 class=\"wp-block-heading\">Pop\u00fcler Etiketleri Kullan\u0131n<\/h3>\n\n\n\n<p>Pop\u00fcler etiketleri kullanmak, g\u00f6nderilerinizin daha fazla ki\u015fi taraf\u0131ndan ke\u015ffedilme olas\u0131l\u0131\u011f\u0131n\u0131 art\u0131rabilir. \u00d6rne\u011fin, #tbt (Throwback Thursday) veya #ootd (Outfit of the Day) gibi pop\u00fcler etiketleri kullanabilirsiniz. Bu, pop\u00fcler etiketleri arayan kullan\u0131c\u0131lar\u0131n arama sonu\u00e7lar\u0131nda g\u00f6nderinizi g\u00f6rme olas\u0131l\u0131\u011f\u0131n\u0131 art\u0131racakt\u0131r.<\/p>\n\n\n\n<figure class=\"wp-block-image size-full\"><img loading=\"lazy\" decoding=\"async\" width=\"861\" height=\"450\" src=\"https:\/\/www.takipci.co\/blog\/wp-content\/uploads\/2023\/03\/image-25.png\" alt=\"Instagram Etiketleri Nas\u0131l Kullan\u0131l\u0131r?\" class=\"wp-image-927\" srcset=\"https:\/\/www.takipcikusu.com.tr\/blog\/wp-content\/uploads\/2023\/03\/image-25.png 861w, https:\/\/www.takipcikusu.com.tr\/blog\/wp-content\/uploads\/2023\/03\/image-25-300x157.png 300w, https:\/\/www.takipcikusu.com.tr\/blog\/wp-content\/uploads\/2023\/03\/image-25-768x401.png 768w\" sizes=\"(max-width: 767px) 89vw, (max-width: 1000px) 54vw, (max-width: 1071px) 543px, 580px\" \/><\/figure>\n\n\n\n<h3 class=\"wp-block-heading\">Instagram Hikayesinde Etiketleme <\/h3>\n\n\n\n<p>Instagram hikayeleri, platformun en pop\u00fcler \u00f6zelliklerinden biridir. Hikayeler, kullan\u0131c\u0131lar\u0131n g\u00fcnl\u00fck hayatlar\u0131ndan anlar payla\u015fmas\u0131na ve takip\u00e7ileriyle etkile\u015fim kurmas\u0131na olanak tan\u0131r. Bunu yapman\u0131n bir yolu da hikayelerde etiketlemedir. Instagram&#8217;da hikayelerde etiketleme yapmak olduk\u00e7a kolayd\u0131r ve bu \u00f6zellik sayesinde daha fazla insan\u0131n hikayelerinizi g\u00f6rmesi ve ke\u015ffetmesi m\u00fcmk\u00fcn hale gelir.<\/p>\n\n\n\n<p>\u0130\u015fte Instagram hikayelerinde etiketleme yapman\u0131n ad\u0131mlar\u0131:<\/p>\n\n\n\n<ul>\n<li>Hikaye Olu\u015fturma: Instagram ana sayfan\u0131zda, ekran\u0131n\u0131z\u0131n sol \u00fcst k\u00f6\u015fesinde yer alan &#8220;Hikaye&#8221; simgesine t\u0131klay\u0131n. Bu, yeni bir hikaye olu\u015fturmak i\u00e7in gereken ilk ad\u0131md\u0131r.<\/li>\n\n\n\n<li>G\u00f6rsel Se\u00e7imi: Hikayeniz i\u00e7in bir g\u00f6rsel se\u00e7in. Bu, Instagram k\u00fct\u00fcphanesinden bir foto\u011fraf veya video se\u00e7ebilir veya do\u011frudan hikayeniz i\u00e7in bir foto\u011fraf veya video \u00e7ekebilirsiniz.<\/li>\n\n\n\n<li>Etiket Ekleme: Hikayenizde etiketlemek istedi\u011finiz ki\u015finin kullan\u0131c\u0131 ad\u0131n\u0131 girin. Bu, klavyenizin alt\u0131nda yer alan &#8220;Etiket Ekle&#8221; simgesine dokunarak yapabilirsiniz. Ard\u0131ndan, a\u00e7\u0131lan ekranda &#8220;Kullan\u0131c\u0131lar\u0131 Etiketle&#8221; se\u00e7ene\u011fine dokunun.<\/li>\n\n\n\n<li>Ki\u015fiyi Se\u00e7me: Etiketlemek istedi\u011finiz ki\u015finin kullan\u0131c\u0131 ad\u0131n\u0131 aray\u0131n veya listeden se\u00e7in. \u0130stenilen ki\u015fi se\u00e7ildi\u011finde, hikayenizde onu etiketlemek i\u00e7in onaylama simgesine dokunun.<\/li>\n\n\n\n<li>Sticker ve Ekleme Se\u00e7enekleri: Etiket ekledikten sonra, hikayenizi istedi\u011finiz \u015fekilde \u00f6zelle\u015ftirebilirsiniz. Bu, hikayenize \u00e7\u0131kartmalar, yaz\u0131lar veya di\u011fer g\u00f6rsel \u00f6\u011feler eklemek i\u00e7in kullanabilece\u011finiz farkl\u0131 se\u00e7enekler aras\u0131nda gezinerek yap\u0131labilir.<\/li>\n\n\n\n<li>Payla\u015fma: Hikayenizi payla\u015fmak i\u00e7in &#8220;Hikayeni Payla\u015f&#8221; d\u00fc\u011fmesine dokunun. Bunu yaparak hikayenizi takip\u00e7ilerinizin ve di\u011fer kullan\u0131c\u0131lar\u0131n g\u00f6rmesi i\u00e7in payla\u015fabilirsiniz.<\/li>\n<\/ul>\n\n\n\n<p>Instagram hikayelerinde etiketleme yapmak, daha fazla ki\u015fiye ula\u015fman\u0131za ve hikayelerinizi daha etkili hale getirmenize yard\u0131mc\u0131 olabilir. Ancak, etiketleme yaparken, insanlar\u0131n \u00f6zel hayatlar\u0131na sayg\u0131 duymak \u00f6nemlidir. Ayr\u0131ca, etiketlemelerinizi spam yapmamaya \u00f6zen g\u00f6sterin ve sadece ilgili ki\u015fileri etiketleyin. Bu \u015fekilde, takip\u00e7ilerinizin ilgisini \u00e7ekecek hikayeler olu\u015ftur.<\/p>\n","protected":false},"excerpt":{"rendered":"<p>\u00d6zellikle son y\u0131llarda Instagram, hayat\u0131m\u0131z\u0131n ayr\u0131lmaz bir par\u00e7as\u0131 oldu. Instagram&#8217;\u0131n etiketleme \u00f6zelli\u011fini kullanmak isteyen kullan\u0131c\u0131lar, Instagram Etiketleri Nas\u0131l Kullan\u0131l\u0131r? sorusunun<\/p>\n<div class=\"read-more\"><a href=\"https:\/\/takipcikusu.com.tr\/blog\/instagram-etiketleri-nasil-kullanilir.html\" class=\"link\">Read More <i class=\"fa fa-angle-right\"><\/i><span class=\"screen-reader-text\"> &#8220;Instagram Etiketleri Nas\u0131l Kullan\u0131l\u0131r?&#8221;<\/span><\/a><\/div>\n","protected":false},"author":1,"featured_media":555,"comment_status":"open","ping_status":"open","sticky":false,"template":"","format":"standard","meta":{"footnotes":""},"categories":[2,7,8,9],"tags":[941,943,945,336,942,944,947,949,948,946],"_links":{"self":[{"href":"https:\/\/takipcikusu.com.tr\/blog\/wp-json\/wp\/v2\/posts\/554"}],"collection":[{"href":"https:\/\/takipcikusu.com.tr\/blog\/wp-json\/wp\/v2\/posts"}],"about":[{"href":"https:\/\/takipcikusu.com.tr\/blog\/wp-json\/wp\/v2\/types\/post"}],"author":[{"embeddable":true,"href":"https:\/\/takipcikusu.com.tr\/blog\/wp-json\/wp\/v2\/users\/1"}],"replies":[{"embeddable":true,"href":"https:\/\/takipcikusu.com.tr\/blog\/wp-json\/wp\/v2\/comments?post=554"}],"version-history":[{"count":2,"href":"https:\/\/takipcikusu.com.tr\/blog\/wp-json\/wp\/v2\/posts\/554\/revisions"}],"predecessor-version":[{"id":929,"href":"https:\/\/takipcikusu.com.tr\/blog\/wp-json\/wp\/v2\/posts\/554\/revisions\/929"}],"wp:featuredmedia":[{"embeddable":true,"href":"https:\/\/takipcikusu.com.tr\/blog\/wp-json\/wp\/v2\/media\/555"}],"wp:attachment":[{"href":"https:\/\/takipcikusu.com.tr\/blog\/wp-json\/wp\/v2\/media?parent=554"}],"wp:term":[{"taxonomy":"category","embeddable":true,"href":"https:\/\/takipcikusu.com.tr\/blog\/wp-json\/wp\/v2\/categories?post=554"},{"taxonomy":"post_tag","embeddable":true,"href":"https:\/\/takipcikusu.com.tr\/blog\/wp-json\/wp\/v2\/tags?post=554"}],"curies":[{"name":"wp","href":"https:\/\/api.w.org\/{rel}","templated":true}]}}