{"id":690,"date":"2021-08-07T16:14:17","date_gmt":"2021-08-07T13:14:17","guid":{"rendered":"https:\/\/www.instakib.com\/blog\/?p=690"},"modified":"2023-03-13T13:46:44","modified_gmt":"2023-03-13T10:46:44","slug":"instagram-bagis-toplama-donation-ozelligi","status":"publish","type":"post","link":"https:\/\/takipcikusu.com.tr\/blog\/instagram-bagis-toplama-donation-ozelligi.html","title":{"rendered":"Instagram Ba\u011f\u0131\u015f Toplama (Donation) \u00d6zelli\u011fi"},"content":{"rendered":"\n<p>Sosyal medya platformu Instagram 2014 y\u0131l\u0131nda \u00fclkemize bomba gibi giri\u015f yaparak hem \u00fclkemizde hem de d\u00fcnya genelinde en \u00e7ok kullan\u0131lan foto\u011fraf &#8211; video payla\u015fma uygulamas\u0131 olmay\u0131 ba\u015farm\u0131\u015ft\u0131r. Devaml\u0131 olarak uygulamaya eklenen yeni \u00f6zelliklerin yan\u0131 s\u0131ra Instagram\u2019\u0131n 30 Nisan tarihinde baz\u0131 \u00fclkelerde yapt\u0131\u011f\u0131 g\u00fcncelleme ile Ba\u011f\u0131\u015f Toplama (Donation) \u00f6zelli\u011fini uygulamada aktif hale getirmi\u015ftir.<\/p>\n\n\n\n<p>\u00dclkemizdeki baz\u0131 hesaplara yak\u0131n zamanda eklenen Instagram ba\u011f\u0131\u015f toplama \u00f6zelli\u011fi sayesinde sizlerde hikayelerinize veya yapm\u0131\u015f oldu\u011funuz canl\u0131 yay\u0131nlara ba\u011f\u0131\u015f toplama \u00f6zelli\u011fini aktif ettikten sonra ba\u011f\u0131\u015f toplayabilmektesiniz. Instagram ba\u011f\u0131\u015f toplama (Donation) \u00f6zelli\u011fini kullanabilmeniz i\u00e7in ilk olarak bir Facebook hesab\u0131n\u0131z\u0131n olmas\u0131 gerekiyor. Bunun yan\u0131 s\u0131ra Facebook hesab\u0131n\u0131za kay\u0131tl\u0131 olan ve onaylanmas\u0131 gereken 1 adet kar amac\u0131 g\u00fctmeyen Facebook sayfas\u0131na ihtiyac\u0131n\u0131z olacakt\u0131r. Bu i\u015flemlerin sonras\u0131nda ise Instagram hesab\u0131n\u0131z\u0131 ve Facebook sayfan\u0131z\u0131 birle\u015ftirerek Instagram hesab\u0131n\u0131z\u0131 i\u015fletme hesab\u0131 yaparak ba\u011f\u0131\u015f toplama \u00f6zelli\u011fi etiketini aktif hale getirebilirsiniz. Bu i\u015flemleri s\u0131ras\u0131yla, nas\u0131l yapaca\u011f\u0131n\u0131za birlikte g\u00f6z atal\u0131m.<\/p>\n\n\n\n<h2 class=\"wp-block-heading\">Instagram\u2019\u0131n Ba\u011f\u0131\u015f Toplama (Donation) \u00d6zelli\u011fi Nedir?<\/h2>\n\n\n\n<p>Facebook platformunun kas\u0131m ay\u0131nda yapm\u0131\u015f oldu\u011fu a\u00e7\u0131klamada; Facebook \u00fczerinden kurulu\u015flar\u0131n yakla\u015f\u0131k 1 Milyar Dolarl\u0131k bir ba\u011f\u0131\u015f toplama hacmine ula\u015f\u0131ld\u0131\u011f\u0131 a\u00e7\u0131klamas\u0131 yap\u0131lm\u0131\u015ft\u0131.<\/p>\n\n\n\n<p>Bu yeni ba\u011f\u0131\u015f toplama etiketi ile Instagram Hikayelerinizdeki &#8220;Ba\u011f\u0131\u015f Topla&#8221; ya da \u201dDonation\u201d ibarelerine yer verebilecek ve di\u011fer kullan\u0131c\u0131lardan ba\u011f\u0131\u015f toplamak i\u00e7in talepte bulunabileceksiniz.<\/p>\n\n\n\n<figure class=\"wp-block-image size-large is-resized\"><img loading=\"lazy\" decoding=\"async\" src=\"https:\/\/www.instakib.com\/blog\/wp-content\/uploads\/2021\/08\/DONATE-1024x576.png\" alt=\"\" class=\"wp-image-695\" width=\"635\" height=\"357\" srcset=\"https:\/\/www.takipcikusu.com.tr\/blog\/wp-content\/uploads\/2021\/08\/DONATE-1024x576.png 1024w, https:\/\/www.takipcikusu.com.tr\/blog\/wp-content\/uploads\/2021\/08\/DONATE-300x169.png 300w, https:\/\/www.takipcikusu.com.tr\/blog\/wp-content\/uploads\/2021\/08\/DONATE-768x432.png 768w, https:\/\/www.takipcikusu.com.tr\/blog\/wp-content\/uploads\/2021\/08\/DONATE.png 1280w\" sizes=\"(max-width: 635px) 100vw, 635px\" \/><figcaption class=\"wp-element-caption\">Instagram Donation \u00d6zelli\u011fi<\/figcaption><\/figure>\n\n\n\n<h3 class=\"wp-block-heading\">Instagram Ba\u011f\u0131\u015f Toplama \u00d6zelliklerine Eri\u015fme<\/h3>\n\n\n\n<p><strong>Ad\u0131m #1:<\/strong> <em>Business Manager sayfas\u0131ndan ba\u011f\u0131\u015f toplama ara\u00e7lar\u0131 i\u00e7in kaydolunuz.<\/em><br>Instagram hesab\u0131n\u0131zdan ba\u011f\u0131\u015f toplayabilmeniz i\u00e7in ilk olarak <a href=\"https:\/\/www.facebook.com\/login.php?next=https%3A%2F%2Fwww.facebook.com%2Fdonate%2Fsignup\" target=\"_blank\" rel=\"noreferrer noopener\">Facebook ba\u011f\u0131\u015f toplama ara\u00e7lar\u0131na<\/a> kaydolman\u0131z gerekiyor.<\/p>\n\n\n\n<p><strong><em>Ad\u0131m #2:<\/em><\/strong> <em>Instagram ve Facebook hesaplar\u0131n\u0131z\u0131 ba\u011flay\u0131n\u0131z.<\/em><br><a href=\"https:\/\/help.instagram.com\/399237934150902\" target=\"_blank\" rel=\"noreferrer noopener\">Instagram ve Facebook hesaplar\u0131n\u0131z\u0131 ba\u011flamak<\/a> hesab\u0131n\u0131zda ba\u011f\u0131\u015f toplama ara\u00e7lar\u0131n\u0131 kullanman\u0131za olanak sa\u011flamaktad\u0131r.<\/p>\n\n\n\n<p><strong><em>Ad\u0131m #3:<\/em><\/strong> <em>Instagram hesab\u0131n\u0131z\u0131 \u0130\u015fletme hesab\u0131na d\u00f6n\u00fc\u015ft\u00fcr\u00fcn\u00fcz.<\/em><br><a href=\"https:\/\/help.instagram.com\/502981923235522\" target=\"_blank\" rel=\"noreferrer noopener\">Instagram hesab\u0131n\u0131 i\u015fletme hesab\u0131na d\u00f6n\u00fc\u015ft\u00fcr<\/a>d\u00fc\u011f\u00fcn\u00fczden emin olduktan sonra ba\u011f\u0131\u015f toplama ara\u00e7lar\u0131n\u0131 kullanabilirsiniz.<\/p>\n\n\n\n<p><strong>Instagram ba\u011f\u0131\u015fta bulun d\u00fc\u011fmesi veya ba\u011f\u0131\u015f \u00e7\u0131kartmas\u0131 ekleme<br><\/strong>Instagram hesab\u0131n\u0131zdan bir ba\u011f\u0131\u015f kampanyas\u0131 yapmak ve destekte bulunacak ortak hedef kitlenize do\u011frudan Instagram&#8217;da ba\u011f\u0131\u015fta bulunmalar\u0131na te\u015fvik etmek i\u00e7in hesab\u0131n\u0131zdan hikayelerde bulunan ba\u011f\u0131\u015fta bulun \u00e7\u0131kartmas\u0131n\u0131 kullanabilirsiniz.<\/p>\n\n\n\n<p><strong><em>Ad\u0131m #1:<br><\/em><\/strong>Instagram hesab\u0131n\u0131zdan kameray\u0131 a\u00e7\u0131n\u0131z ve ba\u011f\u0131\u015f\u0131n\u0131z\u0131 en iyi \u015fekilde \u00f6ne \u00e7\u0131karan bir foto\u011fraf \u00e7ekiniz ya da \u00f6nceden tasarlanan bir foto\u011fraf y\u00fckleyiniz.<\/p>\n\n\n\n<p><strong><em>Ad\u0131m #2:<br><\/em><\/strong>Ard\u0131ndan &#8220;\u00c7\u0131kartma&#8221; simgesine t\u0131klay\u0131n\u0131z.<\/p>\n\n\n\n<p><strong><em>Ad\u0131m #3:<br><\/em><\/strong>A\u00e7\u0131lan ekrandan &#8220;Ba\u011f\u0131\u015fta Bulun&#8221; \u00e7\u0131kartmas\u0131n\u0131 se\u00e7iniz.<\/p>\n\n\n\n<p><strong><em>Ad\u0131m #4:<br><\/em><\/strong>Arama sayfas\u0131nda k\u00e2r amac\u0131 g\u00fctmeyen bir kurulu\u015f hesab\u0131 bulun ve se\u00e7iniz. \u0130\u015fletmenizi listede g\u00f6rememeniz, hen\u00fcz ba\u011f\u0131\u015f toplama \u00f6zelli\u011fini kullanmak i\u00e7in uygun bulunmad\u0131\u011f\u0131n\u0131z anlam\u0131na geliyor.<\/p>\n\n\n\n<p><strong><em>Ad\u0131m #5:<br><\/em><\/strong>Yapaca\u011f\u0131n\u0131z ba\u011f\u0131\u015f kampanyas\u0131ndaki hikayeler i\u00e7in yarat\u0131c\u0131 i\u00e7erikler kullanarak \u00f6zelle\u015ftirebilirsiniz.<\/p>\n\n\n\n<p><strong><em>Ad\u0131m #6:<br><\/em><\/strong>Son olarak &#8220;G\u00f6nder&#8221; butonuna t\u0131klay\u0131n\u0131z. Ard\u0131ndan, Hikayen se\u00e7ene\u011finin yan\u0131ndaki &#8220;Payla\u015f&#8221; butonuna dokununuz.<\/p>\n\n\n\n<p>Instagram hesab\u0131na ba\u011f\u0131\u015fta bulun d\u00fc\u011fmesi ekleme<br>Instagram uygulamas\u0131ndaki ba\u011f\u0131\u015fta bulun d\u00fc\u011fmesi, yap\u0131lan ba\u011f\u0131\u015flarda k\u00e2r amac\u0131 g\u00fctmeyen i\u015fletmelerin do\u011frudan Instagram Business Hesaplar\u0131ndan ba\u011f\u0131\u015f toplamalar\u0131na olanak sa\u011flamaktad\u0131r. Instagram ba\u011f\u0131\u015fta bulun d\u00fc\u011fmesini aktif etmek i\u00e7in;<\/p>\n\n\n\n<p><strong><em>Ad\u0131m #1:<br><\/em><\/strong>Instagram hesab\u0131n\u0131z\u0131n ana sayfas\u0131na gidin ve sa\u011f \u00fcst k\u00f6\u015fedeki \u00fc\u00e7 \u00e7izgi ibaresine dokununuz.<\/p>\n\n\n\n<p><strong><em>Ad\u0131m #2:<br><\/em><\/strong>A\u00e7\u0131lan men\u00fcden &#8220;Ayarlar&#8221; se\u00e7ene\u011fine t\u0131klay\u0131n\u0131z .<\/p>\n\n\n\n<p><strong><em>Ad\u0131m #3:<br><\/em><\/strong>Buradan &#8220;\u0130\u015fletme&#8221; butonuna t\u0131klay\u0131n\u0131z.<\/p>\n\n\n\n<p><strong><em>Ad\u0131m #4:<br><\/em><\/strong>Se\u00e7eneklerden &#8220;Ba\u011f\u0131\u015flar&#8221;a dokunun.<\/p>\n\n\n\n<p><strong><em>Ad\u0131m #5:<br><\/em><\/strong>Son olarak &#8220;Profile Ba\u011f\u0131\u015fta Bulun D\u00fc\u011fmesi Ekle&#8221; se\u00e7ene\u011fini aktif ediniz.<\/p>\n\n\n\n<p><strong><em>Ad\u0131m #6:<br><\/em><\/strong>Bu ad\u0131mlardan sonra &#8220;Ba\u011f\u0131\u015fta Bulun&#8221; butonu, \u0130\u015fletme Hesab\u0131n\u0131zda aktif edilecektir.<\/p>\n\n\n\n<p>instagram ba\u011f\u0131\u015f toplama, instagram ba\u011f\u0131\u015f kampanyas\u0131 nedir, Instagram canl\u0131 yay\u0131n ba\u011f\u0131\u015f hakk\u0131nda merak edilen sorular\u0131 yan\u0131tlamaya \u00e7al\u0131\u015ft\u0131\u011f\u0131m\u0131z makalenin sonuna geldik. Sosyal medya uygulamalar\u0131nda merak etti\u011finiz di\u011fer t\u00fcm sorular\u0131n\u0131z i\u00e7in yorumlar alan\u0131ndan bizlere ula\u015fabilirsiniz.<\/p>\n\n\n\n<blockquote class=\"wp-block-quote\">\n<p>G\u00fcncellendi.<\/p>\n<\/blockquote>\n\n\n\n<h2 class=\"wp-block-heading\">Instagram (Donation) \u00d6zelli\u011fi<\/h2>\n\n\n\n<p>G\u00fcn\u00fcm\u00fczde sosyal medya, hay\u0131r kurumlar\u0131na yard\u0131m etmek i\u00e7in kullan\u0131lan \u00f6nemli bir ara\u00e7 haline geldi. Instagram, kullan\u0131c\u0131lar\u0131n hay\u0131r kurumlar\u0131na ve sevdikleri ama\u00e7lara para ba\u011f\u0131\u015flamalar\u0131na olanak tan\u0131yan bir \u00f6zellik olan Ba\u011f\u0131\u015f Toplama (Donation) \u00f6zelli\u011fini 2019 y\u0131l\u0131nda ba\u015flatt\u0131.<\/p>\n\n\n\n<p>Ba\u011f\u0131\u015f Toplama \u00f6zelli\u011fi, Instagram profil sayfas\u0131ndaki &#8220;Ba\u011f\u0131\u015f&#8221; d\u00fc\u011fmesi arac\u0131l\u0131\u011f\u0131yla kullan\u0131c\u0131lara yard\u0131m edebilecekleri hay\u0131r kurumlar\u0131n\u0131 veya ama\u00e7lar\u0131n\u0131 eklemelerine olanak tan\u0131r. Kullan\u0131c\u0131lar ayr\u0131ca hikayelerinde, canl\u0131 yay\u0131nlar\u0131nda veya profil sayfalar\u0131nda da ba\u011f\u0131\u015f isteyebilirler.<\/p>\n\n\n\n<p>Ba\u011f\u0131\u015f Toplama \u00f6zelli\u011fi, kullan\u0131c\u0131lar\u0131n g\u00fcvenli bir \u015fekilde ba\u011f\u0131\u015f yapmalar\u0131n\u0131 sa\u011flayan bir \u00f6deme i\u015fleme sistemi arac\u0131l\u0131\u011f\u0131yla \u00e7al\u0131\u015f\u0131r. Kullan\u0131c\u0131lar, bir kredi kart\u0131 veya PayPal hesab\u0131 kullanarak g\u00fcvenli bir \u015fekilde ba\u011f\u0131\u015f yapabilirler. Instagram, ba\u011f\u0131\u015f toplama i\u015flemi s\u0131ras\u0131nda herhangi bir \u00fccret almaz ve t\u00fcm ba\u011f\u0131\u015flar do\u011frudan se\u00e7ilen hay\u0131r kurumuna gider.<\/p>\n\n\n\n<p>Ba\u011f\u0131\u015f Toplama \u00f6zelli\u011fi, d\u00fcnya \u00e7ap\u0131nda bir\u00e7ok hay\u0131r kurumuna yard\u0131m etmi\u015ftir. \u00d6rne\u011fin, Avustralya yang\u0131nlar\u0131 s\u0131ras\u0131nda, Instagram kullan\u0131c\u0131lar\u0131 arac\u0131l\u0131\u011f\u0131yla 15 milyon dolar\u0131n \u00fczerinde ba\u011f\u0131\u015f topland\u0131. Ba\u011f\u0131\u015f Toplama \u00f6zelli\u011fi ayr\u0131ca Black Lives Matter hareketi, Covid-19 salg\u0131n\u0131na kar\u015f\u0131 m\u00fccadele ve di\u011fer bir\u00e7ok insani ama\u00e7 i\u00e7in de kullan\u0131lmaktad\u0131r.<\/p>\n\n\n\n<p>Instagram, Ba\u011f\u0131\u015f Toplama \u00f6zelli\u011fini kullanarak, hay\u0131r kurumlar\u0131na ve sevdikleri ama\u00e7lara para ba\u011f\u0131\u015flama konusunda kullan\u0131c\u0131lar\u0131na kolay bir yol sunmaktad\u0131r. Bu \u00f6zellik, sosyal medyan\u0131n hay\u0131r kurumlar\u0131na yard\u0131m etmek i\u00e7in potansiyel bir ara\u00e7 oldu\u011funu ve kullan\u0131c\u0131lar\u0131n bu ara\u00e7lar\u0131 kullanarak ger\u00e7ek fark yaratabilece\u011fini g\u00f6stermektedir.<\/p>\n\n\n\n<figure class=\"wp-block-image size-full\"><img loading=\"lazy\" decoding=\"async\" width=\"849\" height=\"437\" src=\"https:\/\/www.takipci.co\/blog\/wp-content\/uploads\/2023\/03\/image-3.png\" alt=\"\" class=\"wp-image-811\" srcset=\"https:\/\/www.takipcikusu.com.tr\/blog\/wp-content\/uploads\/2023\/03\/image-3.png 849w, https:\/\/www.takipcikusu.com.tr\/blog\/wp-content\/uploads\/2023\/03\/image-3-300x154.png 300w, https:\/\/www.takipcikusu.com.tr\/blog\/wp-content\/uploads\/2023\/03\/image-3-768x395.png 768w\" sizes=\"(max-width: 767px) 89vw, (max-width: 1000px) 54vw, (max-width: 1071px) 543px, 580px\" \/><\/figure>\n\n\n\n<h3 class=\"wp-block-heading\">Instagram donation \u00f6zelli\u011fi nas\u0131l kullan\u0131l\u0131r ? <\/h3>\n\n\n\n<p>Instagram Ba\u011f\u0131\u015f Toplama (Donation) \u00f6zelli\u011fi, kullan\u0131c\u0131lara hay\u0131r kurumlar\u0131na veya sevdikleri ama\u00e7lara para ba\u011f\u0131\u015flamalar\u0131na olanak tan\u0131yan bir \u00f6zelliktir. Bu \u00f6zellik sayesinde kullan\u0131c\u0131lar, profil sayfalar\u0131nda veya hikayelerinde se\u00e7tikleri hay\u0131r kurumlar\u0131n\u0131n ba\u011f\u0131\u015f d\u00fc\u011fmesini ekleyebilir ve takip\u00e7ileri arac\u0131l\u0131\u011f\u0131yla kolayca ba\u011f\u0131\u015f yapabilir.<\/p>\n\n\n\n<p>Ba\u011f\u0131\u015f Toplama \u00f6zelli\u011fini kullanmak i\u00e7in a\u015fa\u011f\u0131daki ad\u0131mlar\u0131 takip edebilirsiniz:<\/p>\n\n\n\n<ul>\n<li>Instagram hesab\u0131n\u0131za giri\u015f yap\u0131n ve profil sayfan\u0131z\u0131 a\u00e7\u0131n.<\/li>\n\n\n\n<li>Profil sayfan\u0131zda &#8220;D\u00fczenle&#8221; butonuna t\u0131klay\u0131n.<\/li>\n\n\n\n<li>&#8220;Ba\u011f\u0131\u015f Toplama&#8221; se\u00e7ene\u011fini se\u00e7in.<\/li>\n\n\n\n<li>&#8220;Ba\u011f\u0131\u015f Toplama Ekle&#8221; butonuna t\u0131klay\u0131n.<\/li>\n\n\n\n<li>Listeden ba\u011f\u0131\u015f yapmak istedi\u011finiz hay\u0131r kurumunu veya ama\u00e7lar\u0131 se\u00e7in.<\/li>\n\n\n\n<li>Se\u00e7ti\u011finiz hay\u0131r kurumunun veya amac\u0131n ayr\u0131nt\u0131lar\u0131n\u0131 girin.<\/li>\n\n\n\n<li>&#8220;G\u00f6nder&#8221; butonuna t\u0131klay\u0131n.<\/li>\n<\/ul>\n\n\n\n<p>Ba\u011f\u0131\u015f Toplama \u00f6zelli\u011fini hikayelerinizde kullanmak isterseniz:<\/p>\n\n\n\n<ul>\n<li>Instagram hesab\u0131n\u0131za giri\u015f yap\u0131n ve hikaye olu\u015fturma ekran\u0131na ge\u00e7in.<\/li>\n\n\n\n<li>Sticker se\u00e7eneklerinden &#8220;Ba\u011f\u0131\u015f&#8221;\u0131 se\u00e7in.<\/li>\n\n\n\n<li>Listeden ba\u011f\u0131\u015f yapmak istedi\u011finiz hay\u0131r kurumunu veya ama\u00e7lar\u0131 se\u00e7in.<\/li>\n\n\n\n<li>Sticker\u0131 d\u00fczenleyin ve istedi\u011finiz gibi hikayenize ekleyin.<\/li>\n\n\n\n<li>Hikayenizi payla\u015f\u0131n.<\/li>\n<\/ul>\n\n\n\n<p>Ba\u011f\u0131\u015f Toplama \u00f6zelli\u011fi ayr\u0131ca canl\u0131 yay\u0131nlarda da kullan\u0131labilir. Canl\u0131 yay\u0131n yaparken &#8220;Ba\u011f\u0131\u015f Toplama&#8221; se\u00e7ene\u011fini se\u00e7erek ba\u011f\u0131\u015f isteyebilirsiniz. Canl\u0131 yay\u0131n s\u0131ras\u0131nda takip\u00e7ileriniz ba\u011f\u0131\u015f yapabilir ve canl\u0131 yay\u0131n sonunda toplanan t\u00fcm ba\u011f\u0131\u015flar do\u011frudan se\u00e7ti\u011finiz hay\u0131r kurumuna gider.<\/p>\n\n\n\n<p>Ba\u011f\u0131\u015f Toplama \u00f6zelli\u011fi kullan\u0131rken, kullan\u0131c\u0131lardan herhangi bir \u00fccret al\u0131nmaz ve t\u00fcm ba\u011f\u0131\u015flar do\u011frudan se\u00e7ilen hay\u0131r kurumuna gider. Kullan\u0131c\u0131lar, bir kredi kart\u0131 veya PayPal hesab\u0131 kullanarak g\u00fcvenli bir \u015fekilde ba\u011f\u0131\u015f yapabilirler.<\/p>\n\n\n\n<p>Instagram Ba\u011f\u0131\u015f Toplama \u00f6zelli\u011fi, kullan\u0131c\u0131lar\u0131n sevdikleri ama\u00e7lara ve hay\u0131r kurumlar\u0131na yard\u0131m etmek i\u00e7in kolay bir yol sunmaktad\u0131r. Bu \u00f6zellik, sosyal medyan\u0131n g\u00fcc\u00fcn\u00fc kullanarak ger\u00e7ek fark yaratabilece\u011fimiz bir ara\u00e7 olarak hizmet etmektedir.<\/p>\n","protected":false},"excerpt":{"rendered":"<p>Sosyal medya platformu Instagram 2014 y\u0131l\u0131nda \u00fclkemize bomba gibi giri\u015f yaparak hem \u00fclkemizde hem de d\u00fcnya genelinde en \u00e7ok kullan\u0131lan<\/p>\n<div class=\"read-more\"><a href=\"https:\/\/takipcikusu.com.tr\/blog\/instagram-bagis-toplama-donation-ozelligi.html\" class=\"link\">Read More <i class=\"fa fa-angle-right\"><\/i><span class=\"screen-reader-text\"> &#8220;Instagram Ba\u011f\u0131\u015f Toplama (Donation) \u00d6zelli\u011fi&#8221;<\/span><\/a><\/div>\n","protected":false},"author":1,"featured_media":694,"comment_status":"open","ping_status":"open","sticky":false,"template":"","format":"standard","meta":{"footnotes":""},"categories":[1,2,7,8,9],"tags":[1149,1148,1152,1147,1146,1145,1144,1142,1150,1151,1143],"_links":{"self":[{"href":"https:\/\/takipcikusu.com.tr\/blog\/wp-json\/wp\/v2\/posts\/690"}],"collection":[{"href":"https:\/\/takipcikusu.com.tr\/blog\/wp-json\/wp\/v2\/posts"}],"about":[{"href":"https:\/\/takipcikusu.com.tr\/blog\/wp-json\/wp\/v2\/types\/post"}],"author":[{"embeddable":true,"href":"https:\/\/takipcikusu.com.tr\/blog\/wp-json\/wp\/v2\/users\/1"}],"replies":[{"embeddable":true,"href":"https:\/\/takipcikusu.com.tr\/blog\/wp-json\/wp\/v2\/comments?post=690"}],"version-history":[{"count":5,"href":"https:\/\/takipcikusu.com.tr\/blog\/wp-json\/wp\/v2\/posts\/690\/revisions"}],"predecessor-version":[{"id":814,"href":"https:\/\/takipcikusu.com.tr\/blog\/wp-json\/wp\/v2\/posts\/690\/revisions\/814"}],"wp:featuredmedia":[{"embeddable":true,"href":"https:\/\/takipcikusu.com.tr\/blog\/wp-json\/wp\/v2\/media\/694"}],"wp:attachment":[{"href":"https:\/\/takipcikusu.com.tr\/blog\/wp-json\/wp\/v2\/media?parent=690"}],"wp:term":[{"taxonomy":"category","embeddable":true,"href":"https:\/\/takipcikusu.com.tr\/blog\/wp-json\/wp\/v2\/categories?post=690"},{"taxonomy":"post_tag","embeddable":true,"href":"https:\/\/takipcikusu.com.tr\/blog\/wp-json\/wp\/v2\/tags?post=690"}],"curies":[{"name":"wp","href":"https:\/\/api.w.org\/{rel}","templated":true}]}}